{"id":4316,"date":"2023-07-05T10:20:05","date_gmt":"2023-07-05T02:20:05","guid":{"rendered":"https:\/\/regask.com\/?p=4316"},"modified":"2024-11-22T04:48:23","modified_gmt":"2024-11-21T20:48:23","slug":"kennzeichnung-japanischer-macadamianusse-als-allergen","status":"publish","type":"post","link":"https:\/\/regask.com\/de\/japan-macadamia-allergen-labeling\/","title":{"rendered":"Japan erw\u00e4gt, Macadamian\u00fcsse in die Halbspezialit\u00e4t aufzunehmen \u2026"},"content":{"rendered":"<div>\n<div class=\"ewa-rteLine\">\n<div class=\"ewa-rteLine\">\n<div>\n<div><a href=\"https:\/\/www.caa.go.jp\/en\/\" target=\"_blank\" rel=\"noopener\">Die CAA<\/a> gab bekannt, dass sie die Aufnahme von Macadamian\u00fcssen in die halbspezifizierten Zutaten in Erw\u00e4gung ziehen, f\u00fcr die eine Allergendeklaration zwar nicht vorgeschrieben, aber dringend empfohlen ist.<\/div>\n<div><\/div>\n<div>Zuvor f\u00fchrt die CAA eine Umfrage durch, um die aktuelle Verwendung von Macadamian\u00fcssen in verarbeiteten Lebensmitteln zu verstehen. Diese Umfrage endet am 31. August 2023.<\/div>\n<div><\/div>\n<div>Dar\u00fcber hinaus gab die CAA bekannt \u2026<\/div>\n<\/div>\n<p><strong>Weitere Einzelheiten zu diesen Dokumenten finden Sie auf der RegASK-Plattform.<br \/>\n<\/strong><\/p>\n<\/div>\n<\/div>\n<\/div>\n<div class=\"slider-wrapper relative\" id=\"slider-335976742\" >\n    <div class=\"slider slider-nav-circle slider-nav-large slider-nav-dark slider-style-normal\"\n        data-flickity-options='{            \"cellAlign\": \"center\",            \"imagesLoaded\": true,            \"lazyLoad\": 1,            \"freeScroll\": false,            \"wrapAround\": true,            \"autoPlay\": 4500,            \"pauseAutoPlayOnHover\" : true,            \"prevNextButtons\": true,            \"contain\" : true,            \"adaptiveHeight\" : true,            \"dragThreshold\" : 10,            \"percentPosition\": true,            \"pageDots\": false,            \"rightToLeft\": false,            \"draggable\": true,            \"selectedAttraction\": 0.1,            \"parallax\" : 0,            \"friction\": 0.6        }'\n        >\n        \n     <\/div>\n\n     <div class=\"loading-spin dark large centered\"><\/div>\n\n\t<\/div>\n\n\n\t<div id=\"gap-306243957\" class=\"gap-element clearfix\" style=\"display:block; height:auto;\">\n\t\t\n<style>\n#gap-306243957 {\n  padding-top: 40px;\n}\n<\/style>\n\t<\/div>\n\t\n\n\t<section class=\"section\" id=\"section_538252480\">\n\t\t<div class=\"section-bg fill\" >\n\t\t\t\t\t\t\t\t\t\n\t\t\t\n\n\t\t<\/div>\n\n\t\t\n\n\t\t<div class=\"section-content relative\">\n\t\t\t\n<div class=\"row\"  id=\"row-1736640713\">\n\n\t<div id=\"col-389516880\" class=\"col small-12 large-12\"  >\n\t\t\t\t<div class=\"col-inner\"  >\n\t\t\t\n\t\t\t\n\n\t<section class=\"section\" id=\"section_1238754885\">\n\t\t<div class=\"section-bg fill\" >\n\t\t\t\t\t\t\t\t\t\n\t\t\t\n\n\t\t<\/div>\n\n\t\t\n\n\t\t<div class=\"section-content relative\">\n\t\t\t\n\n<div class=\"row\"  id=\"row-1536264536\">\n\n\n\t<div id=\"col-533517822\" class=\"col small-12 large-12\"  >\n\t\t\t\t<div class=\"col-inner\"  >\n\t\t\t\n\t\t\t\n\n<h2>Entschuldigung, dieser Premium-Inhalt ist nur f\u00fcr RegASK-Kunden.<\/h2>\n<p>M\u00f6chten Sie auf den gesamten Inhalt der Warnung zugreifen oder alle Nachrichten durchsuchen?\u00a0<\/p>\n<div class=\"row\"  id=\"row-773617303\">\n\n\n\t<div id=\"col-506794452\" class=\"col small-12 large-12\"  >\n\t\t\t\t<div class=\"col-inner\"  >\n\t\t\t\n\t\t\t\n\n<a href=\"https:\/\/app.RegASK.com\/#\/\" target=\"_blank\" class=\"button secondary is-outline\" rel=\"noopener\" >\n\t\t<span>Kunden-Login<\/span>\n\t<\/a>\n\n\n<a href=\"https:\/\/regask.com\/de\/demo-anfordern\/\" class=\"button secondary lowercase\" style=\"border-radius:5px;\">\n\t\t<span>Demo buchen<\/span>\n\t<\/a>\n\n\n<a href=\"https:\/\/regask.com\/de\/more-insights\/\" target=\"_blank\" class=\"button secondary is-outline\" rel=\"noopener\" >\n\t\t<span>Durchsuchen Sie die Nachrichten<\/span>\n\t<\/a>\n\n\n\n\t\t<\/div>\n\t\t\t\t\t<\/div>\n\n\t\n\n<\/div>\n\n\t\t<\/div>\n\t\t\t\t\t<\/div>\n\n\t\n\n<\/div>\n\n\t\t<\/div>\n\n\t\t\n<style>\n#section_1238754885 {\n  padding-top: 30px;\n  padding-bottom: 30px;\n  background-color: rgb(255,255,255);\n}\n<\/style>\n\t<\/section>\n\t\n\t\t<\/div>\n\t\t\t\t\t<\/div>\n\n\t\n<\/div>\n\t\t<\/div>\n\n\t\t\n<style>\n#section_538252480 {\n  padding-top: 30px;\n  padding-bottom: 30px;\n  background-color: rgb(0, 49, 117);\n}\n<\/style>\n\t<\/section>\n\t\n\t<div id=\"gap-1486263732\" class=\"gap-element clearfix\" style=\"display:block; height:auto;\">\n\t\t\n<style>\n#gap-1486263732 {\n  padding-top: 60px;\n}\n<\/style>\n\t<\/div>\n\t\n<p>&nbsp;<\/p>","protected":false},"excerpt":{"rendered":"<p>The CAA announced that they will consider adding macadamia nuts to the Semi-Specified Ingredients for which an allergen declaration is not mandated but strongly recommended. Prior to this work, the CAA is undertaking a survey to understand the current use of macadamia nuts in processed foods. This survey will end on 31 August 2023. Additionally,&#8230;<\/p>","protected":false},"author":39,"featured_media":4239,"comment_status":"closed","ping_status":"closed","sticky":false,"template":"","format":"standard","meta":{"_acf_changed":false,"footnotes":""},"categories":[34,519],"tags":[56,40],"class_list":["post-4316","post","type-post","status-publish","format-standard","has-post-thumbnail","hentry","category-food-beverage-insights","category-japan-regulations","tag-premium-news","tag-latest-insights"],"acf":[],"yoast_head":"<!-- This site is optimized with the Yoast SEO Premium plugin v27.3 (Yoast SEO v27.5) - https:\/\/yoast.com\/product\/yoast-seo-premium-wordpress\/ -->\n<title>Japan: Macadamia Nuts May Require Allergen Labeling | RegASK<\/title>\n<meta name=\"description\" content=\"Japan is considering adding macadamia nuts to its list of recommended allergens for labeling. Stay ahead of potential changes with RegASK.\" \/>\n<meta name=\"robots\" content=\"index, follow, max-snippet:-1, max-image-preview:large, max-video-preview:-1\" \/>\n<link rel=\"canonical\" href=\"https:\/\/regask.com\/de\/kennzeichnung-japanischer-macadamianusse-als-allergen\/\" \/>\n<meta property=\"og:locale\" content=\"de_DE\" \/>\n<meta property=\"og:type\" content=\"article\" \/>\n<meta property=\"og:title\" content=\"Japan Considers Adding Macadamia Nuts to the Semi-Specified Ingredients for Which an Allergen Declaration is Recommended\" \/>\n<meta property=\"og:description\" content=\"Japan is considering adding macadamia nuts to its list of recommended allergens for labeling. Stay ahead of potential changes with RegASK.\" \/>\n<meta property=\"og:url\" content=\"https:\/\/regask.com\/de\/kennzeichnung-japanischer-macadamianusse-als-allergen\/\" \/>\n<meta property=\"og:site_name\" content=\"RegASK\" \/>\n<meta property=\"article:publisher\" content=\"https:\/\/www.facebook.com\/RegASKRegulatoryAffairs\/\" \/>\n<meta property=\"article:published_time\" content=\"2023-07-05T02:20:05+00:00\" \/>\n<meta property=\"article:modified_time\" content=\"2024-11-21T20:48:23+00:00\" \/>\n<meta property=\"og:image\" content=\"https:\/\/regask.com\/wp-content\/uploads\/2023\/05\/Agro-Food-Cooperatives-of-Spain-published-news-to-request-the-labeling-of-origin-for-almonds-and-other-nuts.png\" \/>\n\t<meta property=\"og:image:width\" content=\"330\" \/>\n\t<meta property=\"og:image:height\" content=\"300\" \/>\n\t<meta property=\"og:image:type\" content=\"image\/png\" \/>\n<meta name=\"author\" content=\"Benoit Trouwaert\" \/>\n<meta name=\"twitter:card\" content=\"summary_large_image\" \/>\n<meta name=\"twitter:creator\" content=\"@ASKRegASK\" \/>\n<meta name=\"twitter:site\" content=\"@ASKRegASK\" \/>\n<meta name=\"twitter:label1\" content=\"Written by\" \/>\n\t<meta name=\"twitter:data1\" content=\"Benoit Trouwaert\" \/>\n\t<meta name=\"twitter:label2\" content=\"Est. reading time\" \/>\n\t<meta name=\"twitter:data2\" content=\"1\u00a0Minute\" \/>\n<script type=\"application\/ld+json\" class=\"yoast-schema-graph\">{\"@context\":\"https:\\\/\\\/schema.org\",\"@graph\":[{\"@type\":\"Article\",\"@id\":\"https:\\\/\\\/regask.com\\\/japan-macadamia-allergen-labeling\\\/#article\",\"isPartOf\":{\"@id\":\"https:\\\/\\\/regask.com\\\/japan-macadamia-allergen-labeling\\\/\"},\"author\":{\"name\":\"Benoit Trouwaert\",\"@id\":\"https:\\\/\\\/regask.com\\\/#\\\/schema\\\/person\\\/c1d261e8dcf7b1c30b2c4f2c119df42d\"},\"headline\":\"Japan Considers Adding Macadamia Nuts to the Semi-Speci&hellip;\",\"datePublished\":\"2023-07-05T02:20:05+00:00\",\"dateModified\":\"2024-11-21T20:48:23+00:00\",\"mainEntityOfPage\":{\"@id\":\"https:\\\/\\\/regask.com\\\/japan-macadamia-allergen-labeling\\\/\"},\"wordCount\":114,\"publisher\":{\"@id\":\"https:\\\/\\\/regask.com\\\/#organization\"},\"image\":{\"@id\":\"https:\\\/\\\/regask.com\\\/japan-macadamia-allergen-labeling\\\/#primaryimage\"},\"thumbnailUrl\":\"https:\\\/\\\/regask.com\\\/wp-content\\\/uploads\\\/2023\\\/05\\\/Agro-Food-Cooperatives-of-Spain-published-news-to-request-the-labeling-of-origin-for-almonds-and-other-nuts.png\",\"keywords\":[\"Premium News\",\"Latest Insights\"],\"articleSection\":[\"Food and Nutrition\",\"Japan\"],\"inLanguage\":\"de\"},{\"@type\":\"WebPage\",\"@id\":\"https:\\\/\\\/regask.com\\\/japan-macadamia-allergen-labeling\\\/\",\"url\":\"https:\\\/\\\/regask.com\\\/japan-macadamia-allergen-labeling\\\/\",\"name\":\"Japan: Macadamia Nuts May Require Allergen Labeling | RegASK\",\"isPartOf\":{\"@id\":\"https:\\\/\\\/regask.com\\\/#website\"},\"primaryImageOfPage\":{\"@id\":\"https:\\\/\\\/regask.com\\\/japan-macadamia-allergen-labeling\\\/#primaryimage\"},\"image\":{\"@id\":\"https:\\\/\\\/regask.com\\\/japan-macadamia-allergen-labeling\\\/#primaryimage\"},\"thumbnailUrl\":\"https:\\\/\\\/regask.com\\\/wp-content\\\/uploads\\\/2023\\\/05\\\/Agro-Food-Cooperatives-of-Spain-published-news-to-request-the-labeling-of-origin-for-almonds-and-other-nuts.png\",\"datePublished\":\"2023-07-05T02:20:05+00:00\",\"dateModified\":\"2024-11-21T20:48:23+00:00\",\"description\":\"Japan is considering adding macadamia nuts to its list of recommended allergens for labeling. Stay ahead of potential changes with RegASK.\",\"inLanguage\":\"de\",\"potentialAction\":[{\"@type\":\"ReadAction\",\"target\":[\"https:\\\/\\\/regask.com\\\/japan-macadamia-allergen-labeling\\\/\"]}]},{\"@type\":\"ImageObject\",\"inLanguage\":\"de\",\"@id\":\"https:\\\/\\\/regask.com\\\/japan-macadamia-allergen-labeling\\\/#primaryimage\",\"url\":\"https:\\\/\\\/regask.com\\\/wp-content\\\/uploads\\\/2023\\\/05\\\/Agro-Food-Cooperatives-of-Spain-published-news-to-request-the-labeling-of-origin-for-almonds-and-other-nuts.png\",\"contentUrl\":\"https:\\\/\\\/regask.com\\\/wp-content\\\/uploads\\\/2023\\\/05\\\/Agro-Food-Cooperatives-of-Spain-published-news-to-request-the-labeling-of-origin-for-almonds-and-other-nuts.png\",\"width\":330,\"height\":300,\"caption\":\"Agro Food Cooperatives Of Spain Published News To Request The Labeling Of Origin For Almonds And Other Nuts\"},{\"@type\":\"WebSite\",\"@id\":\"https:\\\/\\\/regask.com\\\/#website\",\"url\":\"https:\\\/\\\/regask.com\\\/\",\"name\":\"RegASK\",\"description\":\"Empowering Smarter Regulatory Decisions\",\"publisher\":{\"@id\":\"https:\\\/\\\/regask.com\\\/#organization\"},\"potentialAction\":[{\"@type\":\"SearchAction\",\"target\":{\"@type\":\"EntryPoint\",\"urlTemplate\":\"https:\\\/\\\/regask.com\\\/?s={search_term_string}\"},\"query-input\":{\"@type\":\"PropertyValueSpecification\",\"valueRequired\":true,\"valueName\":\"search_term_string\"}}],\"inLanguage\":\"de\"},{\"@type\":\"Organization\",\"@id\":\"https:\\\/\\\/regask.com\\\/#organization\",\"name\":\"RegASK\",\"url\":\"https:\\\/\\\/regask.com\\\/\",\"logo\":{\"@type\":\"ImageObject\",\"inLanguage\":\"de\",\"@id\":\"https:\\\/\\\/regask.com\\\/#\\\/schema\\\/logo\\\/image\\\/\",\"url\":\"https:\\\/\\\/regask.com\\\/wp-content\\\/uploads\\\/2024\\\/10\\\/RegASK-Logo-Dark-Round.png\",\"contentUrl\":\"https:\\\/\\\/regask.com\\\/wp-content\\\/uploads\\\/2024\\\/10\\\/RegASK-Logo-Dark-Round.png\",\"width\":401,\"height\":401,\"caption\":\"RegASK\"},\"image\":{\"@id\":\"https:\\\/\\\/regask.com\\\/#\\\/schema\\\/logo\\\/image\\\/\"},\"sameAs\":[\"https:\\\/\\\/www.facebook.com\\\/RegASKRegulatoryAffairs\\\/\",\"https:\\\/\\\/x.com\\\/ASKRegASK\",\"https:\\\/\\\/www.linkedin.com\\\/company\\\/RegASK\\\/\",\"https:\\\/\\\/www.youtube.com\\\/@RegASK\"]},{\"@type\":\"Person\",\"@id\":\"https:\\\/\\\/regask.com\\\/#\\\/schema\\\/person\\\/c1d261e8dcf7b1c30b2c4f2c119df42d\",\"name\":\"Benoit Trouwaert\"}]}<\/script>\n<!-- \/ Yoast SEO Premium plugin. -->","yoast_head_json":{"title":"Japan: Macadamian\u00fcsse m\u00fcssen m\u00f6glicherweise als Allergen gekennzeichnet werden | RegASK","description":"Japan erw\u00e4gt, Macadamian\u00fcsse in die Liste der empfohlenen Allergene f\u00fcr die Kennzeichnung aufzunehmen. Mit RegASK bleiben Sie m\u00f6glichen \u00c4nderungen immer einen Schritt voraus.","robots":{"index":"index","follow":"follow","max-snippet":"max-snippet:-1","max-image-preview":"max-image-preview:large","max-video-preview":"max-video-preview:-1"},"canonical":"https:\/\/regask.com\/de\/kennzeichnung-japanischer-macadamianusse-als-allergen\/","og_locale":"de_DE","og_type":"article","og_title":"Japan Considers Adding Macadamia Nuts to the Semi-Specified Ingredients for Which an Allergen Declaration is Recommended","og_description":"Japan is considering adding macadamia nuts to its list of recommended allergens for labeling. Stay ahead of potential changes with RegASK.","og_url":"https:\/\/regask.com\/de\/kennzeichnung-japanischer-macadamianusse-als-allergen\/","og_site_name":"RegASK","article_publisher":"https:\/\/www.facebook.com\/RegASKRegulatoryAffairs\/","article_published_time":"2023-07-05T02:20:05+00:00","article_modified_time":"2024-11-21T20:48:23+00:00","og_image":[{"width":330,"height":300,"url":"https:\/\/regask.com\/wp-content\/uploads\/2023\/05\/Agro-Food-Cooperatives-of-Spain-published-news-to-request-the-labeling-of-origin-for-almonds-and-other-nuts.png","type":"image\/png"}],"author":"Benoit Trouwaert","twitter_card":"summary_large_image","twitter_creator":"@ASKRegASK","twitter_site":"@ASKRegASK","twitter_misc":{"Written by":"Benoit Trouwaert","Est. reading time":"1\u00a0Minute"},"schema":{"@context":"https:\/\/schema.org","@graph":[{"@type":"Article","@id":"https:\/\/regask.com\/japan-macadamia-allergen-labeling\/#article","isPartOf":{"@id":"https:\/\/regask.com\/japan-macadamia-allergen-labeling\/"},"author":{"name":"Benoit Trouwaert","@id":"https:\/\/regask.com\/#\/schema\/person\/c1d261e8dcf7b1c30b2c4f2c119df42d"},"headline":"Japan Considers Adding Macadamia Nuts to the Semi-Speci&hellip;","datePublished":"2023-07-05T02:20:05+00:00","dateModified":"2024-11-21T20:48:23+00:00","mainEntityOfPage":{"@id":"https:\/\/regask.com\/japan-macadamia-allergen-labeling\/"},"wordCount":114,"publisher":{"@id":"https:\/\/regask.com\/#organization"},"image":{"@id":"https:\/\/regask.com\/japan-macadamia-allergen-labeling\/#primaryimage"},"thumbnailUrl":"https:\/\/regask.com\/wp-content\/uploads\/2023\/05\/Agro-Food-Cooperatives-of-Spain-published-news-to-request-the-labeling-of-origin-for-almonds-and-other-nuts.png","keywords":["Premium News","Latest Insights"],"articleSection":["Food and Nutrition","Japan"],"inLanguage":"de"},{"@type":"WebPage","@id":"https:\/\/regask.com\/japan-macadamia-allergen-labeling\/","url":"https:\/\/regask.com\/japan-macadamia-allergen-labeling\/","name":"Japan: Macadamian\u00fcsse m\u00fcssen m\u00f6glicherweise als Allergen gekennzeichnet werden | RegASK","isPartOf":{"@id":"https:\/\/regask.com\/#website"},"primaryImageOfPage":{"@id":"https:\/\/regask.com\/japan-macadamia-allergen-labeling\/#primaryimage"},"image":{"@id":"https:\/\/regask.com\/japan-macadamia-allergen-labeling\/#primaryimage"},"thumbnailUrl":"https:\/\/regask.com\/wp-content\/uploads\/2023\/05\/Agro-Food-Cooperatives-of-Spain-published-news-to-request-the-labeling-of-origin-for-almonds-and-other-nuts.png","datePublished":"2023-07-05T02:20:05+00:00","dateModified":"2024-11-21T20:48:23+00:00","description":"Japan erw\u00e4gt, Macadamian\u00fcsse in die Liste der empfohlenen Allergene f\u00fcr die Kennzeichnung aufzunehmen. Mit RegASK bleiben Sie m\u00f6glichen \u00c4nderungen immer einen Schritt voraus.","inLanguage":"de","potentialAction":[{"@type":"ReadAction","target":["https:\/\/regask.com\/japan-macadamia-allergen-labeling\/"]}]},{"@type":"ImageObject","inLanguage":"de","@id":"https:\/\/regask.com\/japan-macadamia-allergen-labeling\/#primaryimage","url":"https:\/\/regask.com\/wp-content\/uploads\/2023\/05\/Agro-Food-Cooperatives-of-Spain-published-news-to-request-the-labeling-of-origin-for-almonds-and-other-nuts.png","contentUrl":"https:\/\/regask.com\/wp-content\/uploads\/2023\/05\/Agro-Food-Cooperatives-of-Spain-published-news-to-request-the-labeling-of-origin-for-almonds-and-other-nuts.png","width":330,"height":300,"caption":"Agro Food Cooperatives Of Spain Published News To Request The Labeling Of Origin For Almonds And Other Nuts"},{"@type":"WebSite","@id":"https:\/\/regask.com\/#website","url":"https:\/\/regask.com\/","name":"RegASK","description":"Intelligentere Regulierungsentscheidungen erm\u00f6glichen","publisher":{"@id":"https:\/\/regask.com\/#organization"},"potentialAction":[{"@type":"SearchAction","target":{"@type":"EntryPoint","urlTemplate":"https:\/\/regask.com\/?s={search_term_string}"},"query-input":{"@type":"PropertyValueSpecification","valueRequired":true,"valueName":"search_term_string"}}],"inLanguage":"de"},{"@type":"Organization","@id":"https:\/\/regask.com\/#organization","name":"RegASK","url":"https:\/\/regask.com\/","logo":{"@type":"ImageObject","inLanguage":"de","@id":"https:\/\/regask.com\/#\/schema\/logo\/image\/","url":"https:\/\/regask.com\/wp-content\/uploads\/2024\/10\/RegASK-Logo-Dark-Round.png","contentUrl":"https:\/\/regask.com\/wp-content\/uploads\/2024\/10\/RegASK-Logo-Dark-Round.png","width":401,"height":401,"caption":"RegASK"},"image":{"@id":"https:\/\/regask.com\/#\/schema\/logo\/image\/"},"sameAs":["https:\/\/www.facebook.com\/RegASKRegulatoryAffairs\/","https:\/\/x.com\/ASKRegASK","https:\/\/www.linkedin.com\/company\/RegASK\/","https:\/\/www.youtube.com\/@RegASK"]},{"@type":"Person","@id":"https:\/\/regask.com\/#\/schema\/person\/c1d261e8dcf7b1c30b2c4f2c119df42d","name":"Benoit Trouwaert"}]}},"_links":{"self":[{"href":"https:\/\/regask.com\/de\/wp-json\/wp\/v2\/posts\/4316","targetHints":{"allow":["GET"]}}],"collection":[{"href":"https:\/\/regask.com\/de\/wp-json\/wp\/v2\/posts"}],"about":[{"href":"https:\/\/regask.com\/de\/wp-json\/wp\/v2\/types\/post"}],"author":[{"embeddable":true,"href":"https:\/\/regask.com\/de\/wp-json\/wp\/v2\/users\/39"}],"replies":[{"embeddable":true,"href":"https:\/\/regask.com\/de\/wp-json\/wp\/v2\/comments?post=4316"}],"version-history":[{"count":0,"href":"https:\/\/regask.com\/de\/wp-json\/wp\/v2\/posts\/4316\/revisions"}],"wp:featuredmedia":[{"embeddable":true,"href":"https:\/\/regask.com\/de\/wp-json\/wp\/v2\/media\/4239"}],"wp:attachment":[{"href":"https:\/\/regask.com\/de\/wp-json\/wp\/v2\/media?parent=4316"}],"wp:term":[{"taxonomy":"category","embeddable":true,"href":"https:\/\/regask.com\/de\/wp-json\/wp\/v2\/categories?post=4316"},{"taxonomy":"post_tag","embeddable":true,"href":"https:\/\/regask.com\/de\/wp-json\/wp\/v2\/tags?post=4316"}],"curies":[{"name":"wp","href":"https:\/\/api.w.org\/{rel}","templated":true}]}}