{"id":4340,"date":"2023-08-01T09:47:38","date_gmt":"2023-08-01T01:47:38","guid":{"rendered":"https:\/\/regask.com\/?p=4340"},"modified":"2024-10-26T02:56:45","modified_gmt":"2024-10-25T18:56:45","slug":"italien-verbietet-synthetische-lebensmittel","status":"publish","type":"post","link":"https:\/\/regask.com\/de\/italy-bans-synthetic-food\/","title":{"rendered":"Italien verbietet als erstes Land der Welt synthetische Lebensmittel \u2026"},"content":{"rendered":"<div>\n<div class=\"ewa-rteLine\">\n<div class=\"ewa-rteLine\">\n<div class=\"ewa-rteLine\">\n<div>\n<div>MASAF ver\u00f6ffentlichte in einer Pressemitteilung Neuigkeiten zum Gesetzentwurf zum Verbot der Herstellung, Verwendung, Vermarktung und Einfuhr synthetischer Lebens- und Futtermittel, der in erster Lesung im Senat angenommen wurde.<\/div>\n<div><\/div>\n<div>Italien ist das erste Land der Welt, das vorsorglich die Vermarktung, Einfuhr und Produktion synthetischer Lebensmittel verbietet.<\/div>\n<div><\/div>\n<div>Die vom Minister f\u00fcr Landwirtschaft, Souver\u00e4nit\u00e4t und Forstwirtschaft, Francesco Lollobrigida, vorgelegte und von Masaf und dem Gesundheitsministerium gef\u00f6rderte Bestimmung enth\u00e4lt die Vision, die die Regierung Meloni f\u00fcr die Zukunft des Landes verbreiten m\u00f6chte. Eine Vision, die die Vielfalt und die Besonderheiten der Gebiete sowie die Verbindung zwischen Essen und Kultur und den Agrar- und Lebensmittelprodukten \u201eMade in Italy\u201c sch\u00fctzt.<\/div>\n<\/div>\n<div><\/div>\n<\/div>\n<\/div>\n<\/div>\n<\/div>\n<div>\n<div>\n<div>\n<div>\n<div>\n<div>\n<div>\n<div>\n<div>\n<div>\n<div>\n<div>\n<div>\n<p><a href=\"https:\/\/regask.com\/de\/kontakt\/\">Kontaktieren Sie RegASK, um mehr \u00fcber \u00c4nderungen der Vorschriften zu erfahren.\u00a0<\/a><\/p>\n<\/div>\n<\/div>\n<\/div>\n<\/div>\n<\/div>\n<\/div>\n<\/div>\n<\/div>\n<\/div>\n<\/div>\n<\/div>\n<\/div>\n<\/div>\n<a href=\"https:\/\/regask.com\/de\/demo-anfordern\/\" class=\"button secondary\" style=\"border-radius:10px;\">\n\t\t<span>Erhalten Sie Ihre ma\u00dfgeschneiderten regulatorischen Warnmeldungen<\/span>\n\t<\/a>\n\n<a href=\"https:\/\/regask.com\/de\/kategorie\/neuesten-erkenntnisse\/food-beverage-latest-insights\/\" target=\"_blank\" class=\"button secondary is-link\" rel=\"noopener\" >\n\t\t<span>Mehr lesen<\/span>\n\t<\/a>\n\n<div class=\"row\"  id=\"row-1376874354\">\n\n\t<div id=\"col-442329733\" class=\"col small-12 large-12\"  >\n\t\t\t\t<div class=\"col-inner\"  >\n\t\t\t\n\t\t\t\n<a href=\"https:\/\/regask.com\/de\/fallstudien\/ressourcen-fallstudien-lebensmittel-getranke\/\" target=\"_blank\" class=\"button secondary is-link\" rel=\"noopener\" >\n\t\t<span>Lesen Sie Fallstudien aus der Lebensmittelindustrie<\/span>\n\t<\/a>\n\n\t\t<\/div>\n\t\t\t\t\t<\/div>\n\n\t\n<\/div>\n<div><\/div>","protected":false},"excerpt":{"rendered":"<p>Das italienische Landwirtschaftsministerium (MASAF) ver\u00f6ffentlichte in einer Pressemitteilung die Nachricht \u00fcber den Gesetzentwurf zum Verbot der Herstellung, Verwendung, des Inverkehrbringens und der Einfuhr synthetischer Lebens- und Futtermittel, der in erster Lesung im Senat angenommen wurde. Italien ist damit das erste Land weltweit, das \u2013 vorsorglich \u2013 diese Produkte verbietet.<\/p>","protected":false},"author":39,"featured_media":4336,"comment_status":"closed","ping_status":"closed","sticky":false,"template":"","format":"standard","meta":{"_acf_changed":false,"footnotes":""},"categories":[509,518,34],"tags":[40],"class_list":["post-4340","post","type-post","status-publish","format-standard","has-post-thumbnail","hentry","category-france-regulations","category-italy-regulations","category-food-beverage-insights","tag-latest-insights"],"acf":[],"yoast_head":"<!-- This site is optimized with the Yoast SEO Premium plugin v27.3 (Yoast SEO v27.5) - https:\/\/yoast.com\/product\/yoast-seo-premium-wordpress\/ -->\n<title>Italy Bans Synthetic Food | RegASK<\/title>\n<meta name=\"description\" content=\"Italy becomes the first country to ban synthetic food and feed. Understand the implications for the food industry with RegASK.\" \/>\n<meta name=\"robots\" content=\"index, follow, max-snippet:-1, max-image-preview:large, max-video-preview:-1\" \/>\n<link rel=\"canonical\" href=\"https:\/\/regask.com\/de\/italien-verbietet-synthetische-lebensmittel\/\" \/>\n<meta property=\"og:locale\" content=\"de_DE\" \/>\n<meta property=\"og:type\" content=\"article\" \/>\n<meta property=\"og:title\" content=\"Italy, First Country in the World, to Ban Synthetic Food and Feed\" \/>\n<meta property=\"og:description\" content=\"Italy becomes the first country to ban synthetic food and feed. Understand the implications for the food industry with RegASK.\" \/>\n<meta property=\"og:url\" content=\"https:\/\/regask.com\/de\/italien-verbietet-synthetische-lebensmittel\/\" \/>\n<meta property=\"og:site_name\" content=\"RegASK\" \/>\n<meta property=\"article:publisher\" content=\"https:\/\/www.facebook.com\/RegASKRegulatoryAffairs\/\" \/>\n<meta property=\"article:published_time\" content=\"2023-08-01T01:47:38+00:00\" \/>\n<meta property=\"article:modified_time\" content=\"2024-10-25T18:56:45+00:00\" \/>\n<meta property=\"og:image\" content=\"https:\/\/regask.com\/wp-content\/uploads\/2023\/07\/Italy-First-Country-in-the-World-to-Ban-Synthetic-Food-and-Feed.png\" \/>\n\t<meta property=\"og:image:width\" content=\"330\" \/>\n\t<meta property=\"og:image:height\" content=\"300\" \/>\n\t<meta property=\"og:image:type\" content=\"image\/png\" \/>\n<meta name=\"author\" content=\"Benoit Trouwaert\" \/>\n<meta name=\"twitter:card\" content=\"summary_large_image\" \/>\n<meta name=\"twitter:creator\" content=\"@ASKRegASK\" \/>\n<meta name=\"twitter:site\" content=\"@ASKRegASK\" \/>\n<meta name=\"twitter:label1\" content=\"Written by\" \/>\n\t<meta name=\"twitter:data1\" content=\"Benoit Trouwaert\" \/>\n\t<meta name=\"twitter:label2\" content=\"Est. reading time\" \/>\n\t<meta name=\"twitter:data2\" content=\"1\u00a0Minute\" \/>\n<script type=\"application\/ld+json\" class=\"yoast-schema-graph\">{\"@context\":\"https:\\\/\\\/schema.org\",\"@graph\":[{\"@type\":\"Article\",\"@id\":\"https:\\\/\\\/regask.com\\\/italy-bans-synthetic-food\\\/#article\",\"isPartOf\":{\"@id\":\"https:\\\/\\\/regask.com\\\/italy-bans-synthetic-food\\\/\"},\"author\":{\"name\":\"Benoit Trouwaert\",\"@id\":\"https:\\\/\\\/regask.com\\\/#\\\/schema\\\/person\\\/c1d261e8dcf7b1c30b2c4f2c119df42d\"},\"headline\":\"Italy, First Country in the World, to Ban Synthetic Foo&hellip;\",\"datePublished\":\"2023-08-01T01:47:38+00:00\",\"dateModified\":\"2024-10-25T18:56:45+00:00\",\"mainEntityOfPage\":{\"@id\":\"https:\\\/\\\/regask.com\\\/italy-bans-synthetic-food\\\/\"},\"wordCount\":207,\"publisher\":{\"@id\":\"https:\\\/\\\/regask.com\\\/#organization\"},\"image\":{\"@id\":\"https:\\\/\\\/regask.com\\\/italy-bans-synthetic-food\\\/#primaryimage\"},\"thumbnailUrl\":\"https:\\\/\\\/regask.com\\\/wp-content\\\/uploads\\\/2023\\\/07\\\/Italy-First-Country-in-the-World-to-Ban-Synthetic-Food-and-Feed.png\",\"keywords\":[\"Latest Insights\"],\"articleSection\":[\"France\",\"Italy\",\"Food and Nutrition\"],\"inLanguage\":\"de\"},{\"@type\":\"WebPage\",\"@id\":\"https:\\\/\\\/regask.com\\\/italy-bans-synthetic-food\\\/\",\"url\":\"https:\\\/\\\/regask.com\\\/italy-bans-synthetic-food\\\/\",\"name\":\"Italy Bans Synthetic Food | RegASK\",\"isPartOf\":{\"@id\":\"https:\\\/\\\/regask.com\\\/#website\"},\"primaryImageOfPage\":{\"@id\":\"https:\\\/\\\/regask.com\\\/italy-bans-synthetic-food\\\/#primaryimage\"},\"image\":{\"@id\":\"https:\\\/\\\/regask.com\\\/italy-bans-synthetic-food\\\/#primaryimage\"},\"thumbnailUrl\":\"https:\\\/\\\/regask.com\\\/wp-content\\\/uploads\\\/2023\\\/07\\\/Italy-First-Country-in-the-World-to-Ban-Synthetic-Food-and-Feed.png\",\"datePublished\":\"2023-08-01T01:47:38+00:00\",\"dateModified\":\"2024-10-25T18:56:45+00:00\",\"description\":\"Italy becomes the first country to ban synthetic food and feed. Understand the implications for the food industry with RegASK.\",\"inLanguage\":\"de\",\"potentialAction\":[{\"@type\":\"ReadAction\",\"target\":[\"https:\\\/\\\/regask.com\\\/italy-bans-synthetic-food\\\/\"]}]},{\"@type\":\"ImageObject\",\"inLanguage\":\"de\",\"@id\":\"https:\\\/\\\/regask.com\\\/italy-bans-synthetic-food\\\/#primaryimage\",\"url\":\"https:\\\/\\\/regask.com\\\/wp-content\\\/uploads\\\/2023\\\/07\\\/Italy-First-Country-in-the-World-to-Ban-Synthetic-Food-and-Feed.png\",\"contentUrl\":\"https:\\\/\\\/regask.com\\\/wp-content\\\/uploads\\\/2023\\\/07\\\/Italy-First-Country-in-the-World-to-Ban-Synthetic-Food-and-Feed.png\",\"width\":330,\"height\":300,\"caption\":\"Italy, First Country In The World, To Ban Synthetic Food And Feed\"},{\"@type\":\"WebSite\",\"@id\":\"https:\\\/\\\/regask.com\\\/#website\",\"url\":\"https:\\\/\\\/regask.com\\\/\",\"name\":\"RegASK\",\"description\":\"Empowering Smarter Regulatory Decisions\",\"publisher\":{\"@id\":\"https:\\\/\\\/regask.com\\\/#organization\"},\"potentialAction\":[{\"@type\":\"SearchAction\",\"target\":{\"@type\":\"EntryPoint\",\"urlTemplate\":\"https:\\\/\\\/regask.com\\\/?s={search_term_string}\"},\"query-input\":{\"@type\":\"PropertyValueSpecification\",\"valueRequired\":true,\"valueName\":\"search_term_string\"}}],\"inLanguage\":\"de\"},{\"@type\":\"Organization\",\"@id\":\"https:\\\/\\\/regask.com\\\/#organization\",\"name\":\"RegASK\",\"url\":\"https:\\\/\\\/regask.com\\\/\",\"logo\":{\"@type\":\"ImageObject\",\"inLanguage\":\"de\",\"@id\":\"https:\\\/\\\/regask.com\\\/#\\\/schema\\\/logo\\\/image\\\/\",\"url\":\"https:\\\/\\\/regask.com\\\/wp-content\\\/uploads\\\/2024\\\/10\\\/RegASK-Logo-Dark-Round.png\",\"contentUrl\":\"https:\\\/\\\/regask.com\\\/wp-content\\\/uploads\\\/2024\\\/10\\\/RegASK-Logo-Dark-Round.png\",\"width\":401,\"height\":401,\"caption\":\"RegASK\"},\"image\":{\"@id\":\"https:\\\/\\\/regask.com\\\/#\\\/schema\\\/logo\\\/image\\\/\"},\"sameAs\":[\"https:\\\/\\\/www.facebook.com\\\/RegASKRegulatoryAffairs\\\/\",\"https:\\\/\\\/x.com\\\/ASKRegASK\",\"https:\\\/\\\/www.linkedin.com\\\/company\\\/RegASK\\\/\",\"https:\\\/\\\/www.youtube.com\\\/@RegASK\"]},{\"@type\":\"Person\",\"@id\":\"https:\\\/\\\/regask.com\\\/#\\\/schema\\\/person\\\/c1d261e8dcf7b1c30b2c4f2c119df42d\",\"name\":\"Benoit Trouwaert\"}]}<\/script>\n<!-- \/ Yoast SEO Premium plugin. -->","yoast_head_json":{"title":"Italien verbietet synthetische Lebensmittel | RegASK","description":"Italien verbietet als erstes Land synthetische Lebens- und Futtermittel. Erfahren Sie mit RegASK mehr \u00fcber die Auswirkungen auf die Lebensmittelindustrie.","robots":{"index":"index","follow":"follow","max-snippet":"max-snippet:-1","max-image-preview":"max-image-preview:large","max-video-preview":"max-video-preview:-1"},"canonical":"https:\/\/regask.com\/de\/italien-verbietet-synthetische-lebensmittel\/","og_locale":"de_DE","og_type":"article","og_title":"Italy, First Country in the World, to Ban Synthetic Food and Feed","og_description":"Italy becomes the first country to ban synthetic food and feed. Understand the implications for the food industry with RegASK.","og_url":"https:\/\/regask.com\/de\/italien-verbietet-synthetische-lebensmittel\/","og_site_name":"RegASK","article_publisher":"https:\/\/www.facebook.com\/RegASKRegulatoryAffairs\/","article_published_time":"2023-08-01T01:47:38+00:00","article_modified_time":"2024-10-25T18:56:45+00:00","og_image":[{"width":330,"height":300,"url":"https:\/\/regask.com\/wp-content\/uploads\/2023\/07\/Italy-First-Country-in-the-World-to-Ban-Synthetic-Food-and-Feed.png","type":"image\/png"}],"author":"Benoit Trouwaert","twitter_card":"summary_large_image","twitter_creator":"@ASKRegASK","twitter_site":"@ASKRegASK","twitter_misc":{"Written by":"Benoit Trouwaert","Est. reading time":"1\u00a0Minute"},"schema":{"@context":"https:\/\/schema.org","@graph":[{"@type":"Article","@id":"https:\/\/regask.com\/italy-bans-synthetic-food\/#article","isPartOf":{"@id":"https:\/\/regask.com\/italy-bans-synthetic-food\/"},"author":{"name":"Benoit Trouwaert","@id":"https:\/\/regask.com\/#\/schema\/person\/c1d261e8dcf7b1c30b2c4f2c119df42d"},"headline":"Italy, First Country in the World, to Ban Synthetic Foo&hellip;","datePublished":"2023-08-01T01:47:38+00:00","dateModified":"2024-10-25T18:56:45+00:00","mainEntityOfPage":{"@id":"https:\/\/regask.com\/italy-bans-synthetic-food\/"},"wordCount":207,"publisher":{"@id":"https:\/\/regask.com\/#organization"},"image":{"@id":"https:\/\/regask.com\/italy-bans-synthetic-food\/#primaryimage"},"thumbnailUrl":"https:\/\/regask.com\/wp-content\/uploads\/2023\/07\/Italy-First-Country-in-the-World-to-Ban-Synthetic-Food-and-Feed.png","keywords":["Latest Insights"],"articleSection":["France","Italy","Food and Nutrition"],"inLanguage":"de"},{"@type":"WebPage","@id":"https:\/\/regask.com\/italy-bans-synthetic-food\/","url":"https:\/\/regask.com\/italy-bans-synthetic-food\/","name":"Italien verbietet synthetische Lebensmittel | RegASK","isPartOf":{"@id":"https:\/\/regask.com\/#website"},"primaryImageOfPage":{"@id":"https:\/\/regask.com\/italy-bans-synthetic-food\/#primaryimage"},"image":{"@id":"https:\/\/regask.com\/italy-bans-synthetic-food\/#primaryimage"},"thumbnailUrl":"https:\/\/regask.com\/wp-content\/uploads\/2023\/07\/Italy-First-Country-in-the-World-to-Ban-Synthetic-Food-and-Feed.png","datePublished":"2023-08-01T01:47:38+00:00","dateModified":"2024-10-25T18:56:45+00:00","description":"Italien verbietet als erstes Land synthetische Lebens- und Futtermittel. Erfahren Sie mit RegASK mehr \u00fcber die Auswirkungen auf die Lebensmittelindustrie.","inLanguage":"de","potentialAction":[{"@type":"ReadAction","target":["https:\/\/regask.com\/italy-bans-synthetic-food\/"]}]},{"@type":"ImageObject","inLanguage":"de","@id":"https:\/\/regask.com\/italy-bans-synthetic-food\/#primaryimage","url":"https:\/\/regask.com\/wp-content\/uploads\/2023\/07\/Italy-First-Country-in-the-World-to-Ban-Synthetic-Food-and-Feed.png","contentUrl":"https:\/\/regask.com\/wp-content\/uploads\/2023\/07\/Italy-First-Country-in-the-World-to-Ban-Synthetic-Food-and-Feed.png","width":330,"height":300,"caption":"Italy, First Country In The World, To Ban Synthetic Food And Feed"},{"@type":"WebSite","@id":"https:\/\/regask.com\/#website","url":"https:\/\/regask.com\/","name":"RegASK","description":"Intelligentere Regulierungsentscheidungen erm\u00f6glichen","publisher":{"@id":"https:\/\/regask.com\/#organization"},"potentialAction":[{"@type":"SearchAction","target":{"@type":"EntryPoint","urlTemplate":"https:\/\/regask.com\/?s={search_term_string}"},"query-input":{"@type":"PropertyValueSpecification","valueRequired":true,"valueName":"search_term_string"}}],"inLanguage":"de"},{"@type":"Organization","@id":"https:\/\/regask.com\/#organization","name":"RegASK","url":"https:\/\/regask.com\/","logo":{"@type":"ImageObject","inLanguage":"de","@id":"https:\/\/regask.com\/#\/schema\/logo\/image\/","url":"https:\/\/regask.com\/wp-content\/uploads\/2024\/10\/RegASK-Logo-Dark-Round.png","contentUrl":"https:\/\/regask.com\/wp-content\/uploads\/2024\/10\/RegASK-Logo-Dark-Round.png","width":401,"height":401,"caption":"RegASK"},"image":{"@id":"https:\/\/regask.com\/#\/schema\/logo\/image\/"},"sameAs":["https:\/\/www.facebook.com\/RegASKRegulatoryAffairs\/","https:\/\/x.com\/ASKRegASK","https:\/\/www.linkedin.com\/company\/RegASK\/","https:\/\/www.youtube.com\/@RegASK"]},{"@type":"Person","@id":"https:\/\/regask.com\/#\/schema\/person\/c1d261e8dcf7b1c30b2c4f2c119df42d","name":"Benoit Trouwaert"}]}},"_links":{"self":[{"href":"https:\/\/regask.com\/de\/wp-json\/wp\/v2\/posts\/4340","targetHints":{"allow":["GET"]}}],"collection":[{"href":"https:\/\/regask.com\/de\/wp-json\/wp\/v2\/posts"}],"about":[{"href":"https:\/\/regask.com\/de\/wp-json\/wp\/v2\/types\/post"}],"author":[{"embeddable":true,"href":"https:\/\/regask.com\/de\/wp-json\/wp\/v2\/users\/39"}],"replies":[{"embeddable":true,"href":"https:\/\/regask.com\/de\/wp-json\/wp\/v2\/comments?post=4340"}],"version-history":[{"count":0,"href":"https:\/\/regask.com\/de\/wp-json\/wp\/v2\/posts\/4340\/revisions"}],"wp:featuredmedia":[{"embeddable":true,"href":"https:\/\/regask.com\/de\/wp-json\/wp\/v2\/media\/4336"}],"wp:attachment":[{"href":"https:\/\/regask.com\/de\/wp-json\/wp\/v2\/media?parent=4340"}],"wp:term":[{"taxonomy":"category","embeddable":true,"href":"https:\/\/regask.com\/de\/wp-json\/wp\/v2\/categories?post=4340"},{"taxonomy":"post_tag","embeddable":true,"href":"https:\/\/regask.com\/de\/wp-json\/wp\/v2\/tags?post=4340"}],"curies":[{"name":"wp","href":"https:\/\/api.w.org\/{rel}","templated":true}]}}