{"id":8270,"date":"2025-05-15T19:01:25","date_gmt":"2025-05-15T11:01:25","guid":{"rendered":"https:\/\/regask.com\/?p=8270"},"modified":"2025-12-15T17:44:34","modified_gmt":"2025-12-15T09:44:34","slug":"von-2020-bis-2030-globale-trends-in-der-verpackungsnachhaltigkeit","status":"publish","type":"post","link":"https:\/\/regask.com\/de\/from-2020-to-2030-global-trends-in-packaging-sustainability\/","title":{"rendered":"Von 2020 bis 2030: Globale Trends bei nachhaltigen Verpackungen\u2026"},"content":{"rendered":"<h3 data-line-height=\"xl\">Die Verpackungsvorschriften entwickeln sich rasant \u2013 sind Sie bereit?<\/h3>\n<p>Vom Green Deal der EU \u00fcber das Plastikverbot in China bis hin zu den EPR-Richtlinien Nordamerikas \u2013 Regierungen und Industrien auf der ganzen Welt reagieren mit verst\u00e4rkten Ma\u00dfnahmen auf steigende Umweltanforderungen und ver\u00e4nderte Verbrauchererwartungen.<\/p>\n<p>Unser neuester Bericht analysiert die wichtigsten globalen Trends im Bereich nachhaltige Verpackungen von 2020 bis 2024 und wagt einen Ausblick auf die Entwicklungen bis 2030. Verpassen Sie diese wichtigen Erkenntnisse nicht.<\/p>\n<h3 data-line-height=\"xl\">Globaler Trend zur Nachhaltigkeit von Verpackungen<\/h3>\n<p>Laden Sie die <a href=\"https:\/\/regask.com\/de\/globale-trends-2025-nachhaltigkeit-in-der-verpackung\/\">Globale Trends in der Verpackungsnachhaltigkeit von 2020 bis 2030<\/a> Jetzt k\u00f6nnen Sie Ihr Unternehmen mit den neuesten Erkenntnissen zur Bew\u00e4ltigung regulatorischer Verpackungsanforderungen ausstatten.<\/p>\n<p>Statten Sie Ihr Team mit den Tools aus, um die sich entwickelnden Compliance-Standards zu erf\u00fcllen, Gesch\u00e4ftspriorit\u00e4ten zu sch\u00fctzen und KI f\u00fcr einen strategischen Vorteil zu nutzen.<\/p>\n\n\t<div id=\"col-630612847\" class=\"col small-12 large-12\"  >\n\t\t\t\t<div class=\"col-inner dark\" style=\"background-color:rgb(251, 250, 254);\" >\n\t\t\t\n\t\t\t\n\n<p><script charset=\"utf-8\" type=\"text\/javascript\" src=\"\/\/js.hsforms.net\/forms\/embed\/v2.js\"><\/script><br \/>\n<script>\n  hbspt.forms.create({\n    portalId: \"20908020\",\n    formId: \"1645114a-495e-4b74-b913-ecc46fd4ff56\",\n    region: \"na1\"\n  });\n<\/script><br \/>\n\n\t\t<\/div>\n\t\t\t\t\n<style>\n#col-630612847 > .col-inner {\n  padding: 30px 30px 30px 30px;\n  border-radius: 16px;\n}\n<\/style>\n\t<\/div>","protected":false},"excerpt":{"rendered":"<p>Die Verpackungsvorschriften entwickeln sich rasant \u2013 sind Sie bereit? Vom EU Green Deal \u00fcber Chinas Plastikverbot bis hin zu Nordamerikas EPR-Richtlinien: Regierungen und Unternehmen weltweit reagieren auf steigende Umweltauflagen und ver\u00e4nderte Verbrauchererwartungen. Unser aktueller Bericht analysiert die wichtigsten globalen Trends im Bereich nachhaltige Verpackungen ab 2020\u2026<\/p>","protected":false},"author":32,"featured_media":8235,"comment_status":"closed","ping_status":"closed","sticky":false,"template":"","format":"standard","meta":{"_acf_changed":false,"footnotes":""},"categories":[620],"tags":[626,627],"class_list":["post-8270","post","type-post","status-publish","format-standard","has-post-thumbnail","hentry","category-reports","tag-packaging-sustainability","tag-global-trend"],"acf":[],"yoast_head":"<!-- This site is optimized with the Yoast SEO Premium plugin v27.3 (Yoast SEO v27.4) - https:\/\/yoast.com\/product\/yoast-seo-premium-wordpress\/ -->\n<title>From 2020 to 2030: Global Trends in Packaging Sustainability | RegASK<\/title>\n<meta name=\"description\" content=\"RegASK From 2020 to 2030: Global Trends in Packaging Sustainability\" \/>\n<meta name=\"robots\" content=\"index, follow, max-snippet:-1, max-image-preview:large, max-video-preview:-1\" \/>\n<link rel=\"canonical\" href=\"https:\/\/regask.com\/de\/von-2020-bis-2030-globale-trends-in-der-verpackungsnachhaltigkeit\/\" \/>\n<meta property=\"og:locale\" content=\"de_DE\" \/>\n<meta property=\"og:type\" content=\"article\" \/>\n<meta property=\"og:title\" content=\"From 2020 to 2030: Global Trends in Packaging Sustainability\" \/>\n<meta property=\"og:description\" content=\"RegASK From 2020 to 2030: Global Trends in Packaging Sustainability\" \/>\n<meta property=\"og:url\" content=\"https:\/\/regask.com\/de\/von-2020-bis-2030-globale-trends-in-der-verpackungsnachhaltigkeit\/\" \/>\n<meta property=\"og:site_name\" content=\"RegASK\" \/>\n<meta property=\"article:publisher\" content=\"https:\/\/www.facebook.com\/RegASKRegulatoryAffairs\/\" \/>\n<meta property=\"article:published_time\" content=\"2025-05-15T11:01:25+00:00\" \/>\n<meta property=\"article:modified_time\" content=\"2025-12-15T09:44:34+00:00\" \/>\n<meta property=\"og:image\" content=\"https:\/\/regask.com\/wp-content\/uploads\/2025\/04\/2025-regulatory-global-trends-packaging-sustainability.png\" \/>\n\t<meta property=\"og:image:width\" content=\"832\" \/>\n\t<meta property=\"og:image:height\" content=\"633\" \/>\n\t<meta property=\"og:image:type\" content=\"image\/png\" \/>\n<meta name=\"author\" content=\"Hannah Nordin\" \/>\n<meta name=\"twitter:card\" content=\"summary_large_image\" \/>\n<meta name=\"twitter:creator\" content=\"@ASKRegASK\" \/>\n<meta name=\"twitter:site\" content=\"@ASKRegASK\" \/>\n<meta name=\"twitter:label1\" content=\"Written by\" \/>\n\t<meta name=\"twitter:data1\" content=\"Hannah Nordin\" \/>\n\t<meta name=\"twitter:label2\" content=\"Est. reading time\" \/>\n\t<meta name=\"twitter:data2\" content=\"1\u00a0Minute\" \/>\n<script type=\"application\/ld+json\" class=\"yoast-schema-graph\">{\"@context\":\"https:\\\/\\\/schema.org\",\"@graph\":[{\"@type\":\"Article\",\"@id\":\"https:\\\/\\\/regask.com\\\/from-2020-to-2030-global-trends-in-packaging-sustainability\\\/#article\",\"isPartOf\":{\"@id\":\"https:\\\/\\\/regask.com\\\/from-2020-to-2030-global-trends-in-packaging-sustainability\\\/\"},\"author\":{\"name\":\"Hannah Nordin\",\"@id\":\"https:\\\/\\\/regask.com\\\/#\\\/schema\\\/person\\\/3a8aaee2c7585284f97ec9e038e36b65\"},\"headline\":\"From 2020 to 2030: Global Trends in Packaging Sustainab&hellip;\",\"datePublished\":\"2025-05-15T11:01:25+00:00\",\"dateModified\":\"2025-12-15T09:44:34+00:00\",\"mainEntityOfPage\":{\"@id\":\"https:\\\/\\\/regask.com\\\/from-2020-to-2030-global-trends-in-packaging-sustainability\\\/\"},\"wordCount\":150,\"publisher\":{\"@id\":\"https:\\\/\\\/regask.com\\\/#organization\"},\"image\":{\"@id\":\"https:\\\/\\\/regask.com\\\/from-2020-to-2030-global-trends-in-packaging-sustainability\\\/#primaryimage\"},\"thumbnailUrl\":\"https:\\\/\\\/regask.com\\\/wp-content\\\/uploads\\\/2025\\\/04\\\/2025-regulatory-global-trends-packaging-sustainability.png\",\"keywords\":[\"Packaging Sustainability\",\"Global Trend\"],\"articleSection\":[\"Reports\"],\"inLanguage\":\"de\"},{\"@type\":\"WebPage\",\"@id\":\"https:\\\/\\\/regask.com\\\/from-2020-to-2030-global-trends-in-packaging-sustainability\\\/\",\"url\":\"https:\\\/\\\/regask.com\\\/from-2020-to-2030-global-trends-in-packaging-sustainability\\\/\",\"name\":\"From 2020 to 2030: Global Trends in Packaging Sustainability | RegASK\",\"isPartOf\":{\"@id\":\"https:\\\/\\\/regask.com\\\/#website\"},\"primaryImageOfPage\":{\"@id\":\"https:\\\/\\\/regask.com\\\/from-2020-to-2030-global-trends-in-packaging-sustainability\\\/#primaryimage\"},\"image\":{\"@id\":\"https:\\\/\\\/regask.com\\\/from-2020-to-2030-global-trends-in-packaging-sustainability\\\/#primaryimage\"},\"thumbnailUrl\":\"https:\\\/\\\/regask.com\\\/wp-content\\\/uploads\\\/2025\\\/04\\\/2025-regulatory-global-trends-packaging-sustainability.png\",\"datePublished\":\"2025-05-15T11:01:25+00:00\",\"dateModified\":\"2025-12-15T09:44:34+00:00\",\"description\":\"RegASK From 2020 to 2030: Global Trends in Packaging Sustainability\",\"inLanguage\":\"de\",\"potentialAction\":[{\"@type\":\"ReadAction\",\"target\":[\"https:\\\/\\\/regask.com\\\/from-2020-to-2030-global-trends-in-packaging-sustainability\\\/\"]}]},{\"@type\":\"ImageObject\",\"inLanguage\":\"de\",\"@id\":\"https:\\\/\\\/regask.com\\\/from-2020-to-2030-global-trends-in-packaging-sustainability\\\/#primaryimage\",\"url\":\"https:\\\/\\\/regask.com\\\/wp-content\\\/uploads\\\/2025\\\/04\\\/2025-regulatory-global-trends-packaging-sustainability.png\",\"contentUrl\":\"https:\\\/\\\/regask.com\\\/wp-content\\\/uploads\\\/2025\\\/04\\\/2025-regulatory-global-trends-packaging-sustainability.png\",\"width\":832,\"height\":633,\"caption\":\"2025 Regulatory Global Trends Packaging Sustainability\"},{\"@type\":\"WebSite\",\"@id\":\"https:\\\/\\\/regask.com\\\/#website\",\"url\":\"https:\\\/\\\/regask.com\\\/\",\"name\":\"RegASK\",\"description\":\"Empowering Smarter Regulatory Decisions\",\"publisher\":{\"@id\":\"https:\\\/\\\/regask.com\\\/#organization\"},\"potentialAction\":[{\"@type\":\"SearchAction\",\"target\":{\"@type\":\"EntryPoint\",\"urlTemplate\":\"https:\\\/\\\/regask.com\\\/?s={search_term_string}\"},\"query-input\":{\"@type\":\"PropertyValueSpecification\",\"valueRequired\":true,\"valueName\":\"search_term_string\"}}],\"inLanguage\":\"de\"},{\"@type\":\"Organization\",\"@id\":\"https:\\\/\\\/regask.com\\\/#organization\",\"name\":\"RegASK\",\"url\":\"https:\\\/\\\/regask.com\\\/\",\"logo\":{\"@type\":\"ImageObject\",\"inLanguage\":\"de\",\"@id\":\"https:\\\/\\\/regask.com\\\/#\\\/schema\\\/logo\\\/image\\\/\",\"url\":\"https:\\\/\\\/regask.com\\\/wp-content\\\/uploads\\\/2024\\\/10\\\/RegASK-Logo-Dark-Round.png\",\"contentUrl\":\"https:\\\/\\\/regask.com\\\/wp-content\\\/uploads\\\/2024\\\/10\\\/RegASK-Logo-Dark-Round.png\",\"width\":401,\"height\":401,\"caption\":\"RegASK\"},\"image\":{\"@id\":\"https:\\\/\\\/regask.com\\\/#\\\/schema\\\/logo\\\/image\\\/\"},\"sameAs\":[\"https:\\\/\\\/www.facebook.com\\\/RegASKRegulatoryAffairs\\\/\",\"https:\\\/\\\/x.com\\\/ASKRegASK\",\"https:\\\/\\\/www.linkedin.com\\\/company\\\/RegASK\\\/\",\"https:\\\/\\\/www.youtube.com\\\/playlist?list=PL6yPC6gFqelkHbOeyUVKjtHOZXZ2LQbJd\"]},{\"@type\":\"Person\",\"@id\":\"https:\\\/\\\/regask.com\\\/#\\\/schema\\\/person\\\/3a8aaee2c7585284f97ec9e038e36b65\",\"name\":\"Hannah Nordin\",\"sameAs\":[\"https:\\\/\\\/regask.com\"]}]}<\/script>\n<!-- \/ Yoast SEO Premium plugin. -->","yoast_head_json":{"title":"Von 2020 bis 2030: Globale Trends in der Verpackungsnachhaltigkeit | RegASK","description":"RegASK Von 2020 bis 2030: Globale Trends in der Verpackungsnachhaltigkeit","robots":{"index":"index","follow":"follow","max-snippet":"max-snippet:-1","max-image-preview":"max-image-preview:large","max-video-preview":"max-video-preview:-1"},"canonical":"https:\/\/regask.com\/de\/von-2020-bis-2030-globale-trends-in-der-verpackungsnachhaltigkeit\/","og_locale":"de_DE","og_type":"article","og_title":"From 2020 to 2030: Global Trends in Packaging Sustainability","og_description":"RegASK From 2020 to 2030: Global Trends in Packaging Sustainability","og_url":"https:\/\/regask.com\/de\/von-2020-bis-2030-globale-trends-in-der-verpackungsnachhaltigkeit\/","og_site_name":"RegASK","article_publisher":"https:\/\/www.facebook.com\/RegASKRegulatoryAffairs\/","article_published_time":"2025-05-15T11:01:25+00:00","article_modified_time":"2025-12-15T09:44:34+00:00","og_image":[{"width":832,"height":633,"url":"https:\/\/regask.com\/wp-content\/uploads\/2025\/04\/2025-regulatory-global-trends-packaging-sustainability.png","type":"image\/png"}],"author":"Hannah Nordin","twitter_card":"summary_large_image","twitter_creator":"@ASKRegASK","twitter_site":"@ASKRegASK","twitter_misc":{"Written by":"Hannah Nordin","Est. reading time":"1\u00a0Minute"},"schema":{"@context":"https:\/\/schema.org","@graph":[{"@type":"Article","@id":"https:\/\/regask.com\/from-2020-to-2030-global-trends-in-packaging-sustainability\/#article","isPartOf":{"@id":"https:\/\/regask.com\/from-2020-to-2030-global-trends-in-packaging-sustainability\/"},"author":{"name":"Hannah Nordin","@id":"https:\/\/regask.com\/#\/schema\/person\/3a8aaee2c7585284f97ec9e038e36b65"},"headline":"From 2020 to 2030: Global Trends in Packaging Sustainab&hellip;","datePublished":"2025-05-15T11:01:25+00:00","dateModified":"2025-12-15T09:44:34+00:00","mainEntityOfPage":{"@id":"https:\/\/regask.com\/from-2020-to-2030-global-trends-in-packaging-sustainability\/"},"wordCount":150,"publisher":{"@id":"https:\/\/regask.com\/#organization"},"image":{"@id":"https:\/\/regask.com\/from-2020-to-2030-global-trends-in-packaging-sustainability\/#primaryimage"},"thumbnailUrl":"https:\/\/regask.com\/wp-content\/uploads\/2025\/04\/2025-regulatory-global-trends-packaging-sustainability.png","keywords":["Packaging Sustainability","Global Trend"],"articleSection":["Reports"],"inLanguage":"de"},{"@type":"WebPage","@id":"https:\/\/regask.com\/from-2020-to-2030-global-trends-in-packaging-sustainability\/","url":"https:\/\/regask.com\/from-2020-to-2030-global-trends-in-packaging-sustainability\/","name":"Von 2020 bis 2030: Globale Trends in der Verpackungsnachhaltigkeit | RegASK","isPartOf":{"@id":"https:\/\/regask.com\/#website"},"primaryImageOfPage":{"@id":"https:\/\/regask.com\/from-2020-to-2030-global-trends-in-packaging-sustainability\/#primaryimage"},"image":{"@id":"https:\/\/regask.com\/from-2020-to-2030-global-trends-in-packaging-sustainability\/#primaryimage"},"thumbnailUrl":"https:\/\/regask.com\/wp-content\/uploads\/2025\/04\/2025-regulatory-global-trends-packaging-sustainability.png","datePublished":"2025-05-15T11:01:25+00:00","dateModified":"2025-12-15T09:44:34+00:00","description":"RegASK Von 2020 bis 2030: Globale Trends in der Verpackungsnachhaltigkeit","inLanguage":"de","potentialAction":[{"@type":"ReadAction","target":["https:\/\/regask.com\/from-2020-to-2030-global-trends-in-packaging-sustainability\/"]}]},{"@type":"ImageObject","inLanguage":"de","@id":"https:\/\/regask.com\/from-2020-to-2030-global-trends-in-packaging-sustainability\/#primaryimage","url":"https:\/\/regask.com\/wp-content\/uploads\/2025\/04\/2025-regulatory-global-trends-packaging-sustainability.png","contentUrl":"https:\/\/regask.com\/wp-content\/uploads\/2025\/04\/2025-regulatory-global-trends-packaging-sustainability.png","width":832,"height":633,"caption":"2025 Regulatory Global Trends Packaging Sustainability"},{"@type":"WebSite","@id":"https:\/\/regask.com\/#website","url":"https:\/\/regask.com\/","name":"RegASK","description":"Intelligentere Regulierungsentscheidungen erm\u00f6glichen","publisher":{"@id":"https:\/\/regask.com\/#organization"},"potentialAction":[{"@type":"SearchAction","target":{"@type":"EntryPoint","urlTemplate":"https:\/\/regask.com\/?s={search_term_string}"},"query-input":{"@type":"PropertyValueSpecification","valueRequired":true,"valueName":"search_term_string"}}],"inLanguage":"de"},{"@type":"Organization","@id":"https:\/\/regask.com\/#organization","name":"RegASK","url":"https:\/\/regask.com\/","logo":{"@type":"ImageObject","inLanguage":"de","@id":"https:\/\/regask.com\/#\/schema\/logo\/image\/","url":"https:\/\/regask.com\/wp-content\/uploads\/2024\/10\/RegASK-Logo-Dark-Round.png","contentUrl":"https:\/\/regask.com\/wp-content\/uploads\/2024\/10\/RegASK-Logo-Dark-Round.png","width":401,"height":401,"caption":"RegASK"},"image":{"@id":"https:\/\/regask.com\/#\/schema\/logo\/image\/"},"sameAs":["https:\/\/www.facebook.com\/RegASKRegulatoryAffairs\/","https:\/\/x.com\/ASKRegASK","https:\/\/www.linkedin.com\/company\/RegASK\/","https:\/\/www.youtube.com\/playlist?list=PL6yPC6gFqelkHbOeyUVKjtHOZXZ2LQbJd"]},{"@type":"Person","@id":"https:\/\/regask.com\/#\/schema\/person\/3a8aaee2c7585284f97ec9e038e36b65","name":"Hannah Nordin","sameAs":["https:\/\/regask.com"]}]}},"_links":{"self":[{"href":"https:\/\/regask.com\/de\/wp-json\/wp\/v2\/posts\/8270","targetHints":{"allow":["GET"]}}],"collection":[{"href":"https:\/\/regask.com\/de\/wp-json\/wp\/v2\/posts"}],"about":[{"href":"https:\/\/regask.com\/de\/wp-json\/wp\/v2\/types\/post"}],"author":[{"embeddable":true,"href":"https:\/\/regask.com\/de\/wp-json\/wp\/v2\/users\/32"}],"replies":[{"embeddable":true,"href":"https:\/\/regask.com\/de\/wp-json\/wp\/v2\/comments?post=8270"}],"version-history":[{"count":0,"href":"https:\/\/regask.com\/de\/wp-json\/wp\/v2\/posts\/8270\/revisions"}],"wp:featuredmedia":[{"embeddable":true,"href":"https:\/\/regask.com\/de\/wp-json\/wp\/v2\/media\/8235"}],"wp:attachment":[{"href":"https:\/\/regask.com\/de\/wp-json\/wp\/v2\/media?parent=8270"}],"wp:term":[{"taxonomy":"category","embeddable":true,"href":"https:\/\/regask.com\/de\/wp-json\/wp\/v2\/categories?post=8270"},{"taxonomy":"post_tag","embeddable":true,"href":"https:\/\/regask.com\/de\/wp-json\/wp\/v2\/tags?post=8270"}],"curies":[{"name":"wp","href":"https:\/\/api.w.org\/{rel}","templated":true}]}}