{"id":9427,"date":"2026-02-09T14:12:58","date_gmt":"2026-02-09T06:12:58","guid":{"rendered":"https:\/\/regask.com\/?p=9427"},"modified":"2026-02-09T14:12:58","modified_gmt":"2026-02-09T06:12:58","slug":"die-eawu-aktualisiert-die-kosmetiksicherheitsverordnung-tr-ts-009-2011-um-sie-an-die-eu-standards-anzupassen","status":"publish","type":"post","link":"https:\/\/regask.com\/de\/eaeu-updates-cosmetic-safety-regulation-tr-ts-009-2011-to-align-with-eu-standards\/","title":{"rendered":"Aktualisierung der Kosmetiksicherheitsverordnung TR TS 009\/2011 der Eurasischen Wirtschaftsunion \u2026"},"content":{"rendered":"<p>An<strong> 26. Dezember 2025,<\/strong> Die <strong>Eurasische Wirtschaftsunion (EAWU)<\/strong> ver\u00f6ffentlichte eine bedeutende \u00c4nderung an <strong>Technische Regelung TR TS 009\/2011<\/strong> <strong>zur Sicherheit von Parf\u00fcm- und Kosmetikprodukten.<\/strong> Das Update gleicht die kosmetischen Anforderungen der EAWU an die Anforderungen der EU an. <strong>EU-Verordnung (EG) Nr. 1223\/2009<\/strong> und \u00fcberarbeitet <strong>Anh\u00e4nge 1 bis 5<\/strong> Die \u00c4nderungen f\u00fchren neue Beschr\u00e4nkungen und Verbote f\u00fcr Inhaltsstoffe sowie erweiterte Kennzeichnungspflichten ein. Sie betreffen Kosmetikhersteller und Akteure der Lieferkette in der gesamten Eurasischen Wirtschaftsunion und gelten mit einer festgelegten \u00dcbergangsfrist.<\/p>\n<div class=\"row\"  id=\"row-282916197\">\n\n\t<div id=\"col-1165442043\" class=\"col small-12 large-12\"  >\n\t\t\t\t<div class=\"col-inner\"  >\n\t\t\t\n\t\t\t\n\t<div id=\"gap-1367752040\" class=\"gap-element clearfix\" style=\"display:block; height:auto;\">\n\t\t\n<style>\n#gap-1367752040 {\n  padding-top: 20px;\n}\n<\/style>\n\t<\/div>\n\t\n<h2>Zusammenfassung des Updates<\/h2>\n\t<div id=\"gap-1106305798\" class=\"gap-element clearfix\" style=\"display:block; height:auto;\">\n\t\t\n<style>\n#gap-1106305798 {\n  padding-top: 15px;\n}\n<\/style>\n\t<\/div>\n\t\n<p>Die Eurasische Wirtschaftsunion hat die Technische Richtlinie TR TS 009\/2011 aktualisiert. <strong>26. Dezember 2025<\/strong> Ziel ist es, die Verbrauchersicherheit zu erh\u00f6hen und die regionalen Kosmetikvorschriften mit den EU-Standards zu harmonisieren. Die \u00dcberarbeitung aktualisiert die Anforderungen an die Inhaltsstoffkontrolle und Kennzeichnung und hat somit direkte Auswirkungen auf die Konformit\u00e4tsverpflichtungen f\u00fcr Kosmetika, die auf dem EAWU-Markt in Verkehr gebracht werden.<\/p>\n\t\t<\/div>\n\t\t\t\t\n<style>\n#col-1165442043 > .col-inner {\n  margin: 0px 0px -20px 0px;\n}\n<\/style>\n\t<\/div>\n\n\t\n\n\t<div id=\"col-178688953\" class=\"col small-12 large-12\"  >\n\t\t\t\t<div class=\"col-inner\"  >\n\t\t\t\n\t\t\t\n<h2>Was hat sich in der Verordnung ge\u00e4ndert?<\/h2>\n\t<div id=\"gap-1866012015\" class=\"gap-element clearfix\" style=\"display:block; height:auto;\">\n\t\t\n<style>\n#gap-1866012015 {\n  padding-top: 15px;\n}\n<\/style>\n\t<\/div>\n\t\n<p>Die \u00c4nderung betrifft <strong>Anh\u00e4nge 1 bis 5 der TR TS 009\/2011<\/strong>, Dabei werden aktualisierte Listen verbotener und beschr\u00e4nkter Substanzen eingef\u00fchrt und die Nutzungsbedingungen pr\u00e4zisiert. Zu den neu behandelten Substanzkategorien geh\u00f6ren: <strong>Nanomaterialien, karzinogene, mutagene oder reproduktionstoxische (CMR) Stoffe, Allergene, Vitamin A,<\/strong> Und <strong>Arbutin<\/strong>, was bei \u00dcberschreitung der Grenzwerte eine Neuformulierung oder den R\u00fcckruf des Produkts erforderlich machen kann.<\/p>\n<p>Die Verordnung erweitert auch <strong>Anforderungen an die Allergenkennzeichnung,<\/strong> Die Vorschriften schreiben die Angabe zus\u00e4tzlicher Allergene vor, wenn deren Konzentration bestimmte Schwellenwerte \u00fcberschreitet. Diese \u00c4nderungen erfordern Aktualisierungen von <strong>Produktformulierungen, technische Dokumentationen, Konformit\u00e4tserkl\u00e4rungen oder Zertifikate,<\/strong> Und <strong>Verpackungs- und Etikettendesigns<\/strong> um die Einhaltung der Vorschriften zu gew\u00e4hrleisten.<\/p>\n\t\t<\/div>\n\t\t\t\t\n<style>\n#col-178688953 > .col-inner {\n  margin: 0px 0px -20px 0px;\n}\n<\/style>\n\t<\/div>\n\n\t\n\n\t<div id=\"col-562970151\" class=\"col small-12 large-12\"  >\n\t\t\t\t<div class=\"col-inner\"  >\n\t\t\t\n\t\t\t\n<h2>E<span class=\"TextRun MacChromeBold SCXW9764837 BCX0\" lang=\"EN-US\" xml:lang=\"EN-US\" data-contrast=\"none\"><span class=\"NormalTextRun SCXW9764837 BCX0\" data-ccp-parastyle=\"heading 3\">Wirksamkeitsdatum und \u00dcbergangszeitraum<\/span><\/span><\/h2>\n\t<div id=\"gap-307116257\" class=\"gap-element clearfix\" style=\"display:block; height:auto;\">\n\t\t\n<style>\n#gap-307116257 {\n  padding-top: 15px;\n}\n<\/style>\n\t<\/div>\n\t\n<p>Die aktualisierte <strong>TR TS 009\/2011<\/strong> tritt in Kraft am <strong>26. Dezember 2025<\/strong>, mit einem <strong>12-monatige \u00dcbergangsfrist.<\/strong> Alle betroffenen Kosmetikprodukte m\u00fcssen die folgenden Bestimmungen vollst\u00e4ndig erf\u00fcllen: <strong>26. Dezember 2026. <\/strong><\/p>\n\t\t<\/div>\n\t\t\t\t\n<style>\n#col-562970151 > .col-inner {\n  margin: 0px 0px -20px 0px;\n}\n<\/style>\n\t<\/div>\n\n\t\n\n\t<div id=\"col-2118736421\" class=\"col small-12 large-12\"  >\n\t\t\t\t<div class=\"col-inner\"  >\n\t\t\t\n\t\t\t\n<h2>Feedback-Frist<\/h2>\n\t<div id=\"gap-1249796385\" class=\"gap-element clearfix\" style=\"display:block; height:auto;\">\n\t\t\n<style>\n#gap-1249796385 {\n  padding-top: 15px;\n}\n<\/style>\n\t<\/div>\n\t\n<p>In der ver\u00f6ffentlichten Aktualisierung wird keine Frist f\u00fcr \u00f6ffentliche R\u00fcckmeldungen oder Konsultationen angegeben.<\/p>\n\t\t<\/div>\n\t\t\t\t\n<style>\n#col-2118736421 > .col-inner {\n  margin: 0px 0px -20px 0px;\n}\n<\/style>\n\t<\/div>\n\n\t\n\n\t<div id=\"col-203756739\" class=\"col small-12 large-12\"  >\n\t\t\t\t<div class=\"col-inner\"  >\n\t\t\t\n\t\t\t\n<h2>Warum es wichtig ist<\/h2>\n\t<div id=\"gap-1607152005\" class=\"gap-element clearfix\" style=\"display:block; height:auto;\">\n\t\t\n<style>\n#gap-1607152005 {\n  padding-top: 15px;\n}\n<\/style>\n\t<\/div>\n\t\n<p>Diese regulatorische Aktualisierung st\u00e4rkt <strong>regulatorische Klarheit<\/strong> Und <strong>Verbrauchersicherheit<\/strong> w\u00e4hrend der Unterst\u00fctzung <strong>digital<\/strong> Und <strong>internationale Ausrichtung<\/strong> mit etablierten EU-Kosmetikstandards. Die Harmonisierung mag zwar k\u00fcnftige Exportm\u00f6glichkeiten erleichtern, bringt aber auch neue Herausforderungen mit sich. <strong>sofortige Einhaltungspflichten<\/strong> die eine zeitnahe Koordination erfordern, um St\u00f6rungen und regulatorische Risiken zu minimieren.<\/p>\n\t\t<\/div>\n\t\t\t\t\n<style>\n#col-203756739 > .col-inner {\n  margin: 0px 0px -20px 0px;\n}\n<\/style>\n\t<\/div>\n\n\t\n\n\t<div id=\"col-1286191287\" class=\"col small-12 large-12\"  >\n\t\t\t\t<div class=\"col-inner\"  >\n\t\t\t\n\t\t\t\n<h2>F\u00fcr wen dieses Update relevant ist<\/h2>\n\t<div id=\"gap-1052699238\" class=\"gap-element clearfix\" style=\"display:block; height:auto;\">\n\t\t\n<style>\n#gap-1052699238 {\n  padding-top: 15px;\n}\n<\/style>\n\t<\/div>\n\t\n<p>Die \u00c4nderungen sind relevant f\u00fcr <strong>Kosmetikhersteller, autorisierte Vertreter, Importeure und H\u00e4ndler, Pr\u00fcflaboratorien,<\/strong> Und <strong>benannte Stellen<\/strong> innerhalb des EAWU-Gebiets sowie im Inland t\u00e4tig sind <strong>Zulassungsangelegenheiten, Qualit\u00e4tssicherung, Forschung und Entwicklung, Kennzeichnung,<\/strong> Und <strong>Compliance-Teams. <\/strong><\/p>\n\t\t<\/div>\n\t\t\t\t\n<style>\n#col-1286191287 > .col-inner {\n  margin: 0px 0px -20px 0px;\n}\n<\/style>\n\t<\/div>\n\n\t\n\n\t<div id=\"col-1598733827\" class=\"col small-12 large-12\"  >\n\t\t\t\t<div class=\"col-inner\"  >\n\t\t\t\n\t\t\t\n<h2>N\u00e4chste Schritte<\/h2>\n\t<div id=\"gap-1762172408\" class=\"gap-element clearfix\" style=\"display:block; height:auto;\">\n\t\t\n<style>\n#gap-1762172408 {\n  padding-top: 15px;\n}\n<\/style>\n\t<\/div>\n\t\n<p>Unternehmen sollten ihre Produktrezepturen umgehend auf neu eingeschr\u00e4nkte oder verbotene Substanzen \u00fcberpr\u00fcfen, den Allergengehalt anhand der aktualisierten Offenlegungsschwellenwerte bewerten und technische Dokumentationen, Konformit\u00e4tsnachweise und Etiketten aktualisieren. Eine abteilungs\u00fcbergreifende Koordination ist unerl\u00e4sslich, um die erforderlichen \u00c4nderungen innerhalb der \u00dcbergangsfrist bis Dezember 2026 abzuschlie\u00dfen.<\/p>\n<p>Da sich die regulatorischen Anforderungen in den verschiedenen Regionen immer weiter angleichen und weiterentwickeln, wird es zunehmend wichtiger, zeitnah Einblick in die Beschr\u00e4nkungen f\u00fcr Inhaltsstoffe und die Kennzeichnungspflichten zu haben. <a href=\"https:\/\/regask.com\/de\/\"><strong>RegASK<\/strong><\/a> ist ein f\u00fchrender <strong>Agenten-KI<\/strong> Eine Plattform f\u00fcr regulatorische Analysen und Workflow-Orchestrierung, die globale Unternehmen in stark regulierten Branchen wie Konsumg\u00fcter und Life Sciences bef\u00e4higt, sich proaktiv in komplexen regulatorischen Umfeldern zu bewegen. Durch die Kombination von fortschrittlicher Agentic AI mit Expertenwissen, <a href=\"https:\/\/regask.com\/de\/\"><strong>RegASK<\/strong><\/a> liefert zeitnahe Vorhersagen <strong>umsetzbare Erkenntnisse<\/strong> Und <strong>Durchg\u00e4ngige Automatisierung, Optimierung von Compliance-Prozessen, Risikominderung und beschleunigter Marktzugang in mehr als 140 L\u00e4ndern<\/strong>. <a href=\"https:\/\/regask.com\/de\/\"><strong>Mehr erfahren<\/strong><\/a> oder <a href=\"https:\/\/regask.com\/de\/demo-buchen\/\"><strong>Jetzt Demo buchen.\u00a0<\/strong><\/a><\/p>\n\t\t<\/div>\n\t\t\t\t\n<style>\n#col-1598733827 > .col-inner {\n  margin: 0px 0px -20px 0px;\n}\n<\/style>\n\t<\/div>\n\n\t\n<\/div>\n<div class=\"row\"  id=\"row-1079320109\">\n\n\t<div id=\"col-580451148\" class=\"col small-12 large-12\"  >\n\t\t\t\t<div class=\"col-inner\"  >\n\t\t\t\n\t\t\t\n<div class=\"is-divider divider clearfix\" style=\"margin-top:2em;margin-bottom:2em;max-width:20%;height:1px;background-color:#a5acd9;\"><\/div>\n<h3>FAQs<\/h3>\n\t<div id=\"gap-1212366080\" class=\"gap-element clearfix\" style=\"display:block; height:auto;\">\n\t\t\n<style>\n#gap-1212366080 {\n  padding-top: 10px;\n}\n<\/style>\n\t<\/div>\n\t\n<h4><span class=\"TextRun MacChromeBold SCXW4693557 BCX0\" lang=\"EN-US\" xml:lang=\"EN-US\" data-contrast=\"auto\"><span class=\"NormalTextRun SCXW4693557 BCX0\">Was ist TR TS 009\/2011?<\/span><\/span><\/h4>\n\t<div id=\"gap-1092408928\" class=\"gap-element clearfix\" style=\"display:block; height:auto;\">\n\t\t\n<style>\n#gap-1092408928 {\n  padding-top: 10px;\n}\n<\/style>\n\t<\/div>\n\t\n<p>TR TS 009\/2011 ist die technische Verordnung der EAWU, die die <strong>Sicherheit von Parf\u00fcm- und Kosmetikprodukten<\/strong> auf dem EAWU-Markt platziert.<\/p>\n\t\t<\/div>\n\t\t\t\t\n<style>\n#col-580451148 > .col-inner {\n  margin: 0px 0px -20px 0px;\n}\n<\/style>\n\t<\/div>\n\n\t\n\n\t<div id=\"col-1728721187\" class=\"col small-12 large-12\"  >\n\t\t\t\t<div class=\"col-inner\"  >\n\t\t\t\n\t\t\t\n<h4><span class=\"TextRun MacChromeBold SCXW187534472 BCX0\" lang=\"EN-US\" xml:lang=\"EN-US\" data-contrast=\"auto\"><span class=\"NormalTextRun SCXW187534472 BCX0\">Welche kosmetischen Inhaltsstoffe sind im Zuge des Updates neu eingeschr\u00e4nkt oder verboten?<\/span><\/span><\/h4>\n\t<div id=\"gap-79385334\" class=\"gap-element clearfix\" style=\"display:block; height:auto;\">\n\t\t\n<style>\n#gap-79385334 {\n  padding-top: 10px;\n}\n<\/style>\n\t<\/div>\n\t\n<p>Das Update f\u00fchrt neue Steuerelemente ein auf <strong>Nanomaterialien, CMR-Stoffe, bestimmte Allergene, Vitamin A,<\/strong> Und <strong>Arbutin<\/strong>, wie in den \u00fcberarbeiteten Anh\u00e4ngen 1 bis 5 n\u00e4her spezifiziert.<\/p>\n\t\t<\/div>\n\t\t\t\t\n<style>\n#col-1728721187 > .col-inner {\n  margin: 0px 0px -20px 0px;\n}\n<\/style>\n\t<\/div>\n\n\t\n\n\t<div id=\"col-512305970\" class=\"col small-12 large-12\"  >\n\t\t\t\t<div class=\"col-inner\"  >\n\t\t\t\n\t\t\t\n<h4>Wann m\u00fcssen Unternehmen die aktualisierte Kosmetikverordnung der EAWU einhalten?<\/h4>\n\t<div id=\"gap-50908169\" class=\"gap-element clearfix\" style=\"display:block; height:auto;\">\n\t\t\n<style>\n#gap-50908169 {\n  padding-top: 10px;\n}\n<\/style>\n\t<\/div>\n\t\n<p>Die vollst\u00e4ndige Einhaltung ist erforderlich durch <strong>26. Dezember 2026,<\/strong> im Anschluss an eine 1<strong>2-monatige \u00dcbergangszeit<\/strong> ab dem Ver\u00f6ffentlichungsdatum.<\/p>\n\t\t<\/div>\n\t\t\t\t\n<style>\n#col-512305970 > .col-inner {\n  margin: 0px 0px -20px 0px;\n}\n<\/style>\n\t<\/div>\n\n\t\n\n\t<div id=\"col-558888226\" class=\"col small-12 large-12\"  >\n\t\t\t\t<div class=\"col-inner\"  >\n\t\t\t\n\t\t\t\n<h4><span class=\"TextRun MacChromeBold SCXW77705236 BCX0\" lang=\"EN-US\" xml:lang=\"EN-US\" data-contrast=\"auto\"><span class=\"NormalTextRun SCXW77705236 BCX0\">Wie kann\u00a0<\/span><span class=\"NormalTextRun SpellingErrorV2Themed SpellingErrorHighlight SCXW77705236 BCX0\">RegASK<\/span><span class=\"NormalTextRun SCXW77705236 BCX0\">\u00a0Wie k\u00f6nnen Teams bei der Bew\u00e4ltigung dieser regulatorischen \u00c4nderungen im Kosmetikbereich der EAWU unterst\u00fctzt werden?<\/span><\/span><span class=\"LineBreakBlob BlobObject DragDrop SCXW77705236 BCX0\"><span class=\"SCXW77705236 BCX0\">\u00a0<\/span><br class=\"SCXW77705236 BCX0\" \/><\/span><\/h4>\n\t<div id=\"gap-617771037\" class=\"gap-element clearfix\" style=\"display:block; height:auto;\">\n\t\t\n<style>\n#gap-617771037 {\n  padding-top: 10px;\n}\n<\/style>\n\t<\/div>\n\t\n<p><a href=\"http:\/\/regask.com\/de\/\">RegASK<\/a> Unterst\u00fctzt Regulierungs- und Compliance-Teams bei der \u00dcberwachung von Inhaltsstoffbeschr\u00e4nkungen, der Verfolgung von Kennzeichnungsvorschriften und der Koordinierung regulatorischer Aktualisierungen in verschiedenen M\u00e4rkten mithilfe von KI-gest\u00fctzter regulatorischer Intelligenz und Workflow-Automatisierung.<\/p>\n\t\t<\/div>\n\t\t\t\t\n<style>\n#col-558888226 > .col-inner {\n  margin: 0px 0px -20px 0px;\n}\n<\/style>\n\t<\/div>\n\n\t\n<\/div>","protected":false},"excerpt":{"rendered":"<p>On 26 December 2025, the Eurasian Economic Union (EAEU) published a significant amendment to Technical Regulation TR TS 009\/2011 on the safety of perfumery and cosmetic products. The update aligns EAEU cosmetic requirements with EU Regulation (EC) No 1223\/2009 and revises Annexes 1 to 5 to introduce new ingredient restrictions, prohibitions, and expanded labelling obligations&#8230;.<\/p>","protected":false},"author":41,"featured_media":9448,"comment_status":"closed","ping_status":"closed","sticky":false,"template":"","format":"standard","meta":{"_acf_changed":false,"footnotes":""},"categories":[529,37,33],"tags":[],"class_list":["post-9427","post","type-post","status-publish","format-standard","has-post-thumbnail","hentry","category-europe","category-personal-care-cosmetics","category-news"],"acf":[],"yoast_head":"<!-- This site is optimized with the Yoast SEO Premium plugin v27.3 (Yoast SEO v27.4) - https:\/\/yoast.com\/product\/yoast-seo-premium-wordpress\/ -->\n<title>EAEU Updates Cosmetic Safety Regulation TR TS 009\/2011 Today<\/title>\n<meta name=\"description\" content=\"EAEU updates cosmetic safety regulation TR TS 009\/2011 to align with EU standards, impacting manufacturers and consumers alike.\" \/>\n<meta name=\"robots\" content=\"index, follow, max-snippet:-1, max-image-preview:large, max-video-preview:-1\" \/>\n<link rel=\"canonical\" href=\"https:\/\/regask.com\/de\/die-eawu-aktualisiert-die-kosmetiksicherheitsverordnung-tr-ts-009-2011-um-sie-an-die-eu-standards-anzupassen\/\" \/>\n<meta property=\"og:locale\" content=\"de_DE\" \/>\n<meta property=\"og:type\" content=\"article\" \/>\n<meta property=\"og:title\" content=\"EAEU Updates Cosmetic Safety Regulation TR TS 009\/2011 to Align with EU Standards\" \/>\n<meta property=\"og:description\" content=\"EAEU updates cosmetic safety regulation TR TS 009\/2011 to align with EU standards, impacting manufacturers and consumers alike.\" \/>\n<meta property=\"og:url\" content=\"https:\/\/regask.com\/de\/die-eawu-aktualisiert-die-kosmetiksicherheitsverordnung-tr-ts-009-2011-um-sie-an-die-eu-standards-anzupassen\/\" \/>\n<meta property=\"og:site_name\" content=\"RegASK\" \/>\n<meta property=\"article:publisher\" content=\"https:\/\/www.facebook.com\/RegASKRegulatoryAffairs\/\" \/>\n<meta property=\"article:published_time\" content=\"2026-02-09T06:12:58+00:00\" \/>\n<meta property=\"og:image\" content=\"https:\/\/regask.com\/wp-content\/uploads\/2026\/01\/eaeu-updates-cosmetic-safety-regulation-tr-ts-009-2011-align-eu-standards.png\" \/>\n\t<meta property=\"og:image:width\" content=\"800\" \/>\n\t<meta property=\"og:image:height\" content=\"600\" \/>\n\t<meta property=\"og:image:type\" content=\"image\/png\" \/>\n<meta name=\"author\" content=\"Shaffa Renaningtyas\" \/>\n<meta name=\"twitter:card\" content=\"summary_large_image\" \/>\n<meta name=\"twitter:creator\" content=\"@ASKRegASK\" \/>\n<meta name=\"twitter:site\" content=\"@ASKRegASK\" \/>\n<meta name=\"twitter:label1\" content=\"Written by\" \/>\n\t<meta name=\"twitter:data1\" content=\"Shaffa Renaningtyas\" \/>\n\t<meta name=\"twitter:label2\" content=\"Est. reading time\" \/>\n\t<meta name=\"twitter:data2\" content=\"4\u00a0Minuten\" \/>\n<script type=\"application\/ld+json\" class=\"yoast-schema-graph\">{\"@context\":\"https:\\\/\\\/schema.org\",\"@graph\":[{\"@type\":\"Article\",\"@id\":\"https:\\\/\\\/regask.com\\\/eaeu-updates-cosmetic-safety-regulation-tr-ts-009-2011-to-align-with-eu-standards\\\/#article\",\"isPartOf\":{\"@id\":\"https:\\\/\\\/regask.com\\\/eaeu-updates-cosmetic-safety-regulation-tr-ts-009-2011-to-align-with-eu-standards\\\/\"},\"author\":{\"name\":\"Shaffa Renaningtyas\",\"@id\":\"https:\\\/\\\/regask.com\\\/#\\\/schema\\\/person\\\/b0e1938ef6f244f9f052a21f21cba1b6\"},\"headline\":\"EAEU Updates Cosmetic Safety Regulation TR TS 009\\\/2011 &hellip;\",\"datePublished\":\"2026-02-09T06:12:58+00:00\",\"mainEntityOfPage\":{\"@id\":\"https:\\\/\\\/regask.com\\\/eaeu-updates-cosmetic-safety-regulation-tr-ts-009-2011-to-align-with-eu-standards\\\/\"},\"wordCount\":802,\"publisher\":{\"@id\":\"https:\\\/\\\/regask.com\\\/#organization\"},\"image\":{\"@id\":\"https:\\\/\\\/regask.com\\\/eaeu-updates-cosmetic-safety-regulation-tr-ts-009-2011-to-align-with-eu-standards\\\/#primaryimage\"},\"thumbnailUrl\":\"https:\\\/\\\/regask.com\\\/wp-content\\\/uploads\\\/2026\\\/01\\\/eaeu-updates-cosmetic-safety-regulation-tr-ts-009-2011-align-eu-standards.png\",\"articleSection\":[\"Europe &amp; Central Asia\",\"Cosmetic and Personal Care\",\"Regulatory News\"],\"inLanguage\":\"de\"},{\"@type\":\"WebPage\",\"@id\":\"https:\\\/\\\/regask.com\\\/eaeu-updates-cosmetic-safety-regulation-tr-ts-009-2011-to-align-with-eu-standards\\\/\",\"url\":\"https:\\\/\\\/regask.com\\\/eaeu-updates-cosmetic-safety-regulation-tr-ts-009-2011-to-align-with-eu-standards\\\/\",\"name\":\"EAEU Updates Cosmetic Safety Regulation TR TS 009\\\/2011 Today\",\"isPartOf\":{\"@id\":\"https:\\\/\\\/regask.com\\\/#website\"},\"primaryImageOfPage\":{\"@id\":\"https:\\\/\\\/regask.com\\\/eaeu-updates-cosmetic-safety-regulation-tr-ts-009-2011-to-align-with-eu-standards\\\/#primaryimage\"},\"image\":{\"@id\":\"https:\\\/\\\/regask.com\\\/eaeu-updates-cosmetic-safety-regulation-tr-ts-009-2011-to-align-with-eu-standards\\\/#primaryimage\"},\"thumbnailUrl\":\"https:\\\/\\\/regask.com\\\/wp-content\\\/uploads\\\/2026\\\/01\\\/eaeu-updates-cosmetic-safety-regulation-tr-ts-009-2011-align-eu-standards.png\",\"datePublished\":\"2026-02-09T06:12:58+00:00\",\"description\":\"EAEU updates cosmetic safety regulation TR TS 009\\\/2011 to align with EU standards, impacting manufacturers and consumers alike.\",\"inLanguage\":\"de\",\"potentialAction\":[{\"@type\":\"ReadAction\",\"target\":[\"https:\\\/\\\/regask.com\\\/eaeu-updates-cosmetic-safety-regulation-tr-ts-009-2011-to-align-with-eu-standards\\\/\"]}]},{\"@type\":\"ImageObject\",\"inLanguage\":\"de\",\"@id\":\"https:\\\/\\\/regask.com\\\/eaeu-updates-cosmetic-safety-regulation-tr-ts-009-2011-to-align-with-eu-standards\\\/#primaryimage\",\"url\":\"https:\\\/\\\/regask.com\\\/wp-content\\\/uploads\\\/2026\\\/01\\\/eaeu-updates-cosmetic-safety-regulation-tr-ts-009-2011-align-eu-standards.png\",\"contentUrl\":\"https:\\\/\\\/regask.com\\\/wp-content\\\/uploads\\\/2026\\\/01\\\/eaeu-updates-cosmetic-safety-regulation-tr-ts-009-2011-align-eu-standards.png\",\"width\":800,\"height\":600,\"caption\":\"Eaeu Updates Cosmetic Safety Regulation Tr Ts 009 2011 Align Eu Standards\"},{\"@type\":\"WebSite\",\"@id\":\"https:\\\/\\\/regask.com\\\/#website\",\"url\":\"https:\\\/\\\/regask.com\\\/\",\"name\":\"RegASK\",\"description\":\"Empowering Smarter Regulatory Decisions\",\"publisher\":{\"@id\":\"https:\\\/\\\/regask.com\\\/#organization\"},\"potentialAction\":[{\"@type\":\"SearchAction\",\"target\":{\"@type\":\"EntryPoint\",\"urlTemplate\":\"https:\\\/\\\/regask.com\\\/?s={search_term_string}\"},\"query-input\":{\"@type\":\"PropertyValueSpecification\",\"valueRequired\":true,\"valueName\":\"search_term_string\"}}],\"inLanguage\":\"de\"},{\"@type\":\"Organization\",\"@id\":\"https:\\\/\\\/regask.com\\\/#organization\",\"name\":\"RegASK\",\"url\":\"https:\\\/\\\/regask.com\\\/\",\"logo\":{\"@type\":\"ImageObject\",\"inLanguage\":\"de\",\"@id\":\"https:\\\/\\\/regask.com\\\/#\\\/schema\\\/logo\\\/image\\\/\",\"url\":\"https:\\\/\\\/regask.com\\\/wp-content\\\/uploads\\\/2024\\\/10\\\/RegASK-Logo-Dark-Round.png\",\"contentUrl\":\"https:\\\/\\\/regask.com\\\/wp-content\\\/uploads\\\/2024\\\/10\\\/RegASK-Logo-Dark-Round.png\",\"width\":401,\"height\":401,\"caption\":\"RegASK\"},\"image\":{\"@id\":\"https:\\\/\\\/regask.com\\\/#\\\/schema\\\/logo\\\/image\\\/\"},\"sameAs\":[\"https:\\\/\\\/www.facebook.com\\\/RegASKRegulatoryAffairs\\\/\",\"https:\\\/\\\/x.com\\\/ASKRegASK\",\"https:\\\/\\\/www.linkedin.com\\\/company\\\/RegASK\\\/\",\"https:\\\/\\\/www.youtube.com\\\/playlist?list=PL6yPC6gFqelkHbOeyUVKjtHOZXZ2LQbJd\"]},{\"@type\":\"Person\",\"@id\":\"https:\\\/\\\/regask.com\\\/#\\\/schema\\\/person\\\/b0e1938ef6f244f9f052a21f21cba1b6\",\"name\":\"Shaffa Renaningtyas\"}]}<\/script>\n<!-- \/ Yoast SEO Premium plugin. -->","yoast_head_json":{"title":"Die EAWU aktualisiert heute die Kosmetiksicherheitsverordnung TR TS 009\/2011.","description":"Die EAWU aktualisiert die Verordnung TR TS 009\/2011 zur Sicherheit von Kosmetika, um sie an die EU-Standards anzupassen, was Auswirkungen auf Hersteller und Verbraucher gleicherma\u00dfen hat.","robots":{"index":"index","follow":"follow","max-snippet":"max-snippet:-1","max-image-preview":"max-image-preview:large","max-video-preview":"max-video-preview:-1"},"canonical":"https:\/\/regask.com\/de\/die-eawu-aktualisiert-die-kosmetiksicherheitsverordnung-tr-ts-009-2011-um-sie-an-die-eu-standards-anzupassen\/","og_locale":"de_DE","og_type":"article","og_title":"EAEU Updates Cosmetic Safety Regulation TR TS 009\/2011 to Align with EU Standards","og_description":"EAEU updates cosmetic safety regulation TR TS 009\/2011 to align with EU standards, impacting manufacturers and consumers alike.","og_url":"https:\/\/regask.com\/de\/die-eawu-aktualisiert-die-kosmetiksicherheitsverordnung-tr-ts-009-2011-um-sie-an-die-eu-standards-anzupassen\/","og_site_name":"RegASK","article_publisher":"https:\/\/www.facebook.com\/RegASKRegulatoryAffairs\/","article_published_time":"2026-02-09T06:12:58+00:00","og_image":[{"width":800,"height":600,"url":"https:\/\/regask.com\/wp-content\/uploads\/2026\/01\/eaeu-updates-cosmetic-safety-regulation-tr-ts-009-2011-align-eu-standards.png","type":"image\/png"}],"author":"Shaffa Renaningtyas","twitter_card":"summary_large_image","twitter_creator":"@ASKRegASK","twitter_site":"@ASKRegASK","twitter_misc":{"Written by":"Shaffa Renaningtyas","Est. reading time":"4\u00a0Minuten"},"schema":{"@context":"https:\/\/schema.org","@graph":[{"@type":"Article","@id":"https:\/\/regask.com\/eaeu-updates-cosmetic-safety-regulation-tr-ts-009-2011-to-align-with-eu-standards\/#article","isPartOf":{"@id":"https:\/\/regask.com\/eaeu-updates-cosmetic-safety-regulation-tr-ts-009-2011-to-align-with-eu-standards\/"},"author":{"name":"Shaffa Renaningtyas","@id":"https:\/\/regask.com\/#\/schema\/person\/b0e1938ef6f244f9f052a21f21cba1b6"},"headline":"EAEU Updates Cosmetic Safety Regulation TR TS 009\/2011 &hellip;","datePublished":"2026-02-09T06:12:58+00:00","mainEntityOfPage":{"@id":"https:\/\/regask.com\/eaeu-updates-cosmetic-safety-regulation-tr-ts-009-2011-to-align-with-eu-standards\/"},"wordCount":802,"publisher":{"@id":"https:\/\/regask.com\/#organization"},"image":{"@id":"https:\/\/regask.com\/eaeu-updates-cosmetic-safety-regulation-tr-ts-009-2011-to-align-with-eu-standards\/#primaryimage"},"thumbnailUrl":"https:\/\/regask.com\/wp-content\/uploads\/2026\/01\/eaeu-updates-cosmetic-safety-regulation-tr-ts-009-2011-align-eu-standards.png","articleSection":["Europe &amp; Central Asia","Cosmetic and Personal Care","Regulatory News"],"inLanguage":"de"},{"@type":"WebPage","@id":"https:\/\/regask.com\/eaeu-updates-cosmetic-safety-regulation-tr-ts-009-2011-to-align-with-eu-standards\/","url":"https:\/\/regask.com\/eaeu-updates-cosmetic-safety-regulation-tr-ts-009-2011-to-align-with-eu-standards\/","name":"Die EAWU aktualisiert heute die Kosmetiksicherheitsverordnung TR TS 009\/2011.","isPartOf":{"@id":"https:\/\/regask.com\/#website"},"primaryImageOfPage":{"@id":"https:\/\/regask.com\/eaeu-updates-cosmetic-safety-regulation-tr-ts-009-2011-to-align-with-eu-standards\/#primaryimage"},"image":{"@id":"https:\/\/regask.com\/eaeu-updates-cosmetic-safety-regulation-tr-ts-009-2011-to-align-with-eu-standards\/#primaryimage"},"thumbnailUrl":"https:\/\/regask.com\/wp-content\/uploads\/2026\/01\/eaeu-updates-cosmetic-safety-regulation-tr-ts-009-2011-align-eu-standards.png","datePublished":"2026-02-09T06:12:58+00:00","description":"Die EAWU aktualisiert die Verordnung TR TS 009\/2011 zur Sicherheit von Kosmetika, um sie an die EU-Standards anzupassen, was Auswirkungen auf Hersteller und Verbraucher gleicherma\u00dfen hat.","inLanguage":"de","potentialAction":[{"@type":"ReadAction","target":["https:\/\/regask.com\/eaeu-updates-cosmetic-safety-regulation-tr-ts-009-2011-to-align-with-eu-standards\/"]}]},{"@type":"ImageObject","inLanguage":"de","@id":"https:\/\/regask.com\/eaeu-updates-cosmetic-safety-regulation-tr-ts-009-2011-to-align-with-eu-standards\/#primaryimage","url":"https:\/\/regask.com\/wp-content\/uploads\/2026\/01\/eaeu-updates-cosmetic-safety-regulation-tr-ts-009-2011-align-eu-standards.png","contentUrl":"https:\/\/regask.com\/wp-content\/uploads\/2026\/01\/eaeu-updates-cosmetic-safety-regulation-tr-ts-009-2011-align-eu-standards.png","width":800,"height":600,"caption":"Eaeu Updates Cosmetic Safety Regulation Tr Ts 009 2011 Align Eu Standards"},{"@type":"WebSite","@id":"https:\/\/regask.com\/#website","url":"https:\/\/regask.com\/","name":"RegASK","description":"Intelligentere Regulierungsentscheidungen erm\u00f6glichen","publisher":{"@id":"https:\/\/regask.com\/#organization"},"potentialAction":[{"@type":"SearchAction","target":{"@type":"EntryPoint","urlTemplate":"https:\/\/regask.com\/?s={search_term_string}"},"query-input":{"@type":"PropertyValueSpecification","valueRequired":true,"valueName":"search_term_string"}}],"inLanguage":"de"},{"@type":"Organization","@id":"https:\/\/regask.com\/#organization","name":"RegASK","url":"https:\/\/regask.com\/","logo":{"@type":"ImageObject","inLanguage":"de","@id":"https:\/\/regask.com\/#\/schema\/logo\/image\/","url":"https:\/\/regask.com\/wp-content\/uploads\/2024\/10\/RegASK-Logo-Dark-Round.png","contentUrl":"https:\/\/regask.com\/wp-content\/uploads\/2024\/10\/RegASK-Logo-Dark-Round.png","width":401,"height":401,"caption":"RegASK"},"image":{"@id":"https:\/\/regask.com\/#\/schema\/logo\/image\/"},"sameAs":["https:\/\/www.facebook.com\/RegASKRegulatoryAffairs\/","https:\/\/x.com\/ASKRegASK","https:\/\/www.linkedin.com\/company\/RegASK\/","https:\/\/www.youtube.com\/playlist?list=PL6yPC6gFqelkHbOeyUVKjtHOZXZ2LQbJd"]},{"@type":"Person","@id":"https:\/\/regask.com\/#\/schema\/person\/b0e1938ef6f244f9f052a21f21cba1b6","name":"Shaffa Renaningtyas"}]}},"_links":{"self":[{"href":"https:\/\/regask.com\/de\/wp-json\/wp\/v2\/posts\/9427","targetHints":{"allow":["GET"]}}],"collection":[{"href":"https:\/\/regask.com\/de\/wp-json\/wp\/v2\/posts"}],"about":[{"href":"https:\/\/regask.com\/de\/wp-json\/wp\/v2\/types\/post"}],"author":[{"embeddable":true,"href":"https:\/\/regask.com\/de\/wp-json\/wp\/v2\/users\/41"}],"replies":[{"embeddable":true,"href":"https:\/\/regask.com\/de\/wp-json\/wp\/v2\/comments?post=9427"}],"version-history":[{"count":0,"href":"https:\/\/regask.com\/de\/wp-json\/wp\/v2\/posts\/9427\/revisions"}],"wp:featuredmedia":[{"embeddable":true,"href":"https:\/\/regask.com\/de\/wp-json\/wp\/v2\/media\/9448"}],"wp:attachment":[{"href":"https:\/\/regask.com\/de\/wp-json\/wp\/v2\/media?parent=9427"}],"wp:term":[{"taxonomy":"category","embeddable":true,"href":"https:\/\/regask.com\/de\/wp-json\/wp\/v2\/categories?post=9427"},{"taxonomy":"post_tag","embeddable":true,"href":"https:\/\/regask.com\/de\/wp-json\/wp\/v2\/tags?post=9427"}],"curies":[{"name":"wp","href":"https:\/\/api.w.org\/{rel}","templated":true}]}}