{"id":4605,"date":"2023-12-27T15:25:01","date_gmt":"2023-12-27T07:25:01","guid":{"rendered":"https:\/\/regask.com\/?p=4605"},"modified":"2024-10-25T23:17:21","modified_gmt":"2024-10-25T15:17:21","slug":"se-aprueba-la-ley-de-alimentacion-sostenible","status":"publish","type":"post","link":"https:\/\/regask.com\/es\/sustainable-food-law-approved\/","title":{"rendered":"Senado aprueba proyecto de ley para promulgar Ley General de Adecuaci\u00f3n\u2026"},"content":{"rendered":"<div class=\"ewa-rteLine\">\n<div class=\"ewa-rteLine\">\n<div class=\"ewa-rteLine\">\n<div class=\"ewa-rteLine\">\n<div class=\"ewa-rteLine\">\n<div class=\"ewa-rteLine\">\n<div class=\"ewa-rteLine\">\n<div class=\"ewa-rteLine\">\n<div class=\"ewa-rteLine\">El Senado mexicano aprob\u00f3 un proyecto de ley que prioriza el derecho a una alimentaci\u00f3n adecuada y sostenible.<\/div>\n<div><\/div>\n<\/div>\n<\/div>\n<\/div>\n<\/div>\n<div class=\"ewa-rteLine\"><\/div>\n<div class=\"ewa-rteLine\">\n<div class=\"ewa-rteLine\">\n<div class=\"ewa-rteLine\">\n<div class=\"ewa-rteLine\">\n<div class=\"ewa-rteLine\">La legislaci\u00f3n prioriza la salud, el medio ambiente, el agua y el inter\u00e9s superior de la infancia en las pol\u00edticas alimentarias. Define la alimentaci\u00f3n adecuada como\u2026<\/div>\n<\/div>\n<\/div>\n<div><\/div>\n<\/div>\n<\/div>\n<\/div>\n<\/div>\n<\/div>\n<\/div>\n\t<div id=\"gap-295370808\" class=\"gap-element clearfix\" style=\"display:block; height:auto;\">\n\t\t\n<style>\n#gap-295370808 {\n  padding-top: 60px;\n}\n<\/style>\n\t<\/div>\n\t\n\n\t<section class=\"section\" id=\"section_1584835757\">\n\t\t<div class=\"section-bg fill\" >\n\t\t\t\t\t\t\t\t\t\n\t\t\t\n\n\t\t<\/div>\n\n\t\t\n\n\t\t<div class=\"section-content relative\">\n\t\t\t\n<div class=\"row\"  id=\"row-1395289721\">\n\n\t<div id=\"col-472027901\" class=\"col small-12 large-12\"  >\n\t\t\t\t<div class=\"col-inner\"  >\n\t\t\t\n\t\t\t\n\n\t<section class=\"section\" id=\"section_1855916492\">\n\t\t<div class=\"section-bg fill\" >\n\t\t\t\t\t\t\t\t\t\n\t\t\t\n\n\t\t<\/div>\n\n\t\t\n\n\t\t<div class=\"section-content relative\">\n\t\t\t\n\n<div class=\"row\"  id=\"row-330380496\">\n\n\n\t<div id=\"col-1630119902\" class=\"col small-12 large-12\"  >\n\t\t\t\t<div class=\"col-inner\"  >\n\t\t\t\n\t\t\t\n\n<h2>Lo sentimos, este contenido premium es solo para clientes de RegASK.<\/h2>\n<p>\u00bfQuieres acceder a todo el contenido de la alerta o navegar por todas las noticias?\u00a0<\/p>\n<div class=\"row\"  id=\"row-1465759062\">\n\n\n\t<div id=\"col-825862895\" class=\"col small-12 large-12\"  >\n\t\t\t\t<div class=\"col-inner\"  >\n\t\t\t\n\t\t\t\n\n<a href=\"https:\/\/app.RegASK.com\/#\/\" target=\"_blank\" class=\"button secondary is-outline\" rel=\"noopener\" >\n\t\t<span>Inicio de sesi\u00f3n del cliente<\/span>\n\t<\/a>\n\n\n<a href=\"https:\/\/regask.com\/es\/solicitar-una-demostracion\/\" class=\"button secondary lowercase\" style=\"border-radius:5px;\">\n\t\t<span>Reservar una demostraci\u00f3n<\/span>\n\t<\/a>\n\n\n<a href=\"https:\/\/regask.com\/es\/more-insights\/\" target=\"_blank\" class=\"button secondary is-outline\" rel=\"noopener\" >\n\t\t<span>Navegar por las noticias<\/span>\n\t<\/a>\n\n\n\n\t\t<\/div>\n\t\t\t\t\t<\/div>\n\n\t\n\n<\/div>\n\n\t\t<\/div>\n\t\t\t\t\t<\/div>\n\n\t\n\n<\/div>\n\n\t\t<\/div>\n\n\t\t\n<style>\n#section_1855916492 {\n  padding-top: 30px;\n  padding-bottom: 30px;\n  background-color: rgb(255,255,255);\n}\n<\/style>\n\t<\/section>\n\t\n\t\t<\/div>\n\t\t\t\t\t<\/div>\n\n\t\n<\/div>\n\t\t<\/div>\n\n\t\t\n<style>\n#section_1584835757 {\n  padding-top: 30px;\n  padding-bottom: 30px;\n  margin-bottom: -100px;\n  background-color: rgb(0, 49, 117);\n}\n<\/style>\n\t<\/section>\n\t\n\t<div id=\"gap-2050703521\" class=\"gap-element clearfix\" style=\"display:block; height:auto;\">\n\t\t\n<style>\n#gap-2050703521 {\n  padding-top: 60px;\n}\n<\/style>\n\t<\/div>\n\t\n<p>&nbsp;<\/p>","protected":false},"excerpt":{"rendered":"<p>The Mexican Senate has endorsed a draft law prioritizing the right to adequate and sustainable food. The legislation emphasizes health, environmental, water, and children&#8217;s best interests in food-related policies. It defines adequate food as &#8230; &nbsp;<\/p>","protected":false},"author":39,"featured_media":4589,"comment_status":"closed","ping_status":"closed","sticky":false,"template":"","format":"standard","meta":{"_acf_changed":false,"footnotes":""},"categories":[34,521],"tags":[53,56,165,181],"class_list":["post-4605","post","type-post","status-publish","format-standard","has-post-thumbnail","hentry","category-food-beverage-insights","category-mexico-regulations","tag-environment","tag-premium-news","tag-public-health","tag-sustainable-food"],"acf":[],"yoast_head":"<!-- This site is optimized with the Yoast SEO Premium plugin v27.3 (Yoast SEO v27.5) - https:\/\/yoast.com\/product\/yoast-seo-premium-wordpress\/ -->\n<title>Mexico: Sustainable Food Law Approved | RegASK<\/title>\n<meta name=\"description\" content=\"The Mexican Senate approves a bill to enact a general law on adequate and sustainable food. Stay informed with RegASK&#039;s analysis.\" \/>\n<meta name=\"robots\" content=\"index, follow, max-snippet:-1, max-image-preview:large, max-video-preview:-1\" \/>\n<link rel=\"canonical\" href=\"https:\/\/regask.com\/es\/se-aprueba-la-ley-de-alimentacion-sostenible\/\" \/>\n<meta property=\"og:locale\" content=\"es_ES\" \/>\n<meta property=\"og:type\" content=\"article\" \/>\n<meta property=\"og:title\" content=\"Senate approves bill to enact General Law on Adequate and Sustainable Food\" \/>\n<meta property=\"og:description\" content=\"The Mexican Senate approves a bill to enact a general law on adequate and sustainable food. Stay informed with RegASK&#039;s analysis.\" \/>\n<meta property=\"og:url\" content=\"https:\/\/regask.com\/es\/se-aprueba-la-ley-de-alimentacion-sostenible\/\" \/>\n<meta property=\"og:site_name\" content=\"RegASK\" \/>\n<meta property=\"article:publisher\" content=\"https:\/\/www.facebook.com\/RegASKRegulatoryAffairs\/\" \/>\n<meta property=\"article:published_time\" content=\"2023-12-27T07:25:01+00:00\" \/>\n<meta property=\"article:modified_time\" content=\"2024-10-25T15:17:21+00:00\" \/>\n<meta property=\"og:image\" content=\"https:\/\/regask.com\/wp-content\/uploads\/2021\/12\/food-with-trans-fat-fop-labelling.png\" \/>\n\t<meta property=\"og:image:width\" content=\"688\" \/>\n\t<meta property=\"og:image:height\" content=\"626\" \/>\n\t<meta property=\"og:image:type\" content=\"image\/png\" \/>\n<meta name=\"author\" content=\"Benoit Trouwaert\" \/>\n<meta name=\"twitter:card\" content=\"summary_large_image\" \/>\n<meta name=\"twitter:image\" content=\"https:\/\/regask.com\/wp-content\/uploads\/2021\/12\/food-with-trans-fat-fop-labelling.png\" \/>\n<meta name=\"twitter:creator\" content=\"@ASKRegASK\" \/>\n<meta name=\"twitter:site\" content=\"@ASKRegASK\" \/>\n<meta name=\"twitter:label1\" content=\"Written by\" \/>\n\t<meta name=\"twitter:data1\" content=\"Benoit Trouwaert\" \/>\n\t<meta name=\"twitter:label2\" content=\"Est. reading time\" \/>\n\t<meta name=\"twitter:data2\" content=\"1 minuto\" \/>\n<script type=\"application\/ld+json\" class=\"yoast-schema-graph\">{\"@context\":\"https:\\\/\\\/schema.org\",\"@graph\":[{\"@type\":\"Article\",\"@id\":\"https:\\\/\\\/regask.com\\\/sustainable-food-law-approved\\\/#article\",\"isPartOf\":{\"@id\":\"https:\\\/\\\/regask.com\\\/sustainable-food-law-approved\\\/\"},\"author\":{\"name\":\"Benoit Trouwaert\",\"@id\":\"https:\\\/\\\/regask.com\\\/#\\\/schema\\\/person\\\/c1d261e8dcf7b1c30b2c4f2c119df42d\"},\"headline\":\"Senate approves bill to enact General Law on Adequate a&hellip;\",\"datePublished\":\"2023-12-27T07:25:01+00:00\",\"dateModified\":\"2024-10-25T15:17:21+00:00\",\"mainEntityOfPage\":{\"@id\":\"https:\\\/\\\/regask.com\\\/sustainable-food-law-approved\\\/\"},\"wordCount\":70,\"publisher\":{\"@id\":\"https:\\\/\\\/regask.com\\\/#organization\"},\"image\":{\"@id\":\"https:\\\/\\\/regask.com\\\/sustainable-food-law-approved\\\/#primaryimage\"},\"thumbnailUrl\":\"https:\\\/\\\/regask.com\\\/wp-content\\\/uploads\\\/2023\\\/11\\\/Senate-approves-bill-to-enact-General-Law-on-Adequate-and-Sustainable-Food.png\",\"keywords\":[\"environment\",\"Premium News\",\"Public Health\",\"Sustainable Food\"],\"articleSection\":[\"Food and Nutrition\",\"Mexico\"],\"inLanguage\":\"es\"},{\"@type\":\"WebPage\",\"@id\":\"https:\\\/\\\/regask.com\\\/sustainable-food-law-approved\\\/\",\"url\":\"https:\\\/\\\/regask.com\\\/sustainable-food-law-approved\\\/\",\"name\":\"Mexico: Sustainable Food Law Approved | RegASK\",\"isPartOf\":{\"@id\":\"https:\\\/\\\/regask.com\\\/#website\"},\"primaryImageOfPage\":{\"@id\":\"https:\\\/\\\/regask.com\\\/sustainable-food-law-approved\\\/#primaryimage\"},\"image\":{\"@id\":\"https:\\\/\\\/regask.com\\\/sustainable-food-law-approved\\\/#primaryimage\"},\"thumbnailUrl\":\"https:\\\/\\\/regask.com\\\/wp-content\\\/uploads\\\/2023\\\/11\\\/Senate-approves-bill-to-enact-General-Law-on-Adequate-and-Sustainable-Food.png\",\"datePublished\":\"2023-12-27T07:25:01+00:00\",\"dateModified\":\"2024-10-25T15:17:21+00:00\",\"description\":\"The Mexican Senate approves a bill to enact a general law on adequate and sustainable food. Stay informed with RegASK's analysis.\",\"inLanguage\":\"es\",\"potentialAction\":[{\"@type\":\"ReadAction\",\"target\":[\"https:\\\/\\\/regask.com\\\/sustainable-food-law-approved\\\/\"]}]},{\"@type\":\"ImageObject\",\"inLanguage\":\"es\",\"@id\":\"https:\\\/\\\/regask.com\\\/sustainable-food-law-approved\\\/#primaryimage\",\"url\":\"https:\\\/\\\/regask.com\\\/wp-content\\\/uploads\\\/2023\\\/11\\\/Senate-approves-bill-to-enact-General-Law-on-Adequate-and-Sustainable-Food.png\",\"contentUrl\":\"https:\\\/\\\/regask.com\\\/wp-content\\\/uploads\\\/2023\\\/11\\\/Senate-approves-bill-to-enact-General-Law-on-Adequate-and-Sustainable-Food.png\",\"width\":330,\"height\":300,\"caption\":\"Senate Approves Bill To Enact General Law On Adequate And Sustainable Food\"},{\"@type\":\"WebSite\",\"@id\":\"https:\\\/\\\/regask.com\\\/#website\",\"url\":\"https:\\\/\\\/regask.com\\\/\",\"name\":\"RegASK\",\"description\":\"Empowering Smarter Regulatory Decisions\",\"publisher\":{\"@id\":\"https:\\\/\\\/regask.com\\\/#organization\"},\"potentialAction\":[{\"@type\":\"SearchAction\",\"target\":{\"@type\":\"EntryPoint\",\"urlTemplate\":\"https:\\\/\\\/regask.com\\\/?s={search_term_string}\"},\"query-input\":{\"@type\":\"PropertyValueSpecification\",\"valueRequired\":true,\"valueName\":\"search_term_string\"}}],\"inLanguage\":\"es\"},{\"@type\":\"Organization\",\"@id\":\"https:\\\/\\\/regask.com\\\/#organization\",\"name\":\"RegASK\",\"url\":\"https:\\\/\\\/regask.com\\\/\",\"logo\":{\"@type\":\"ImageObject\",\"inLanguage\":\"es\",\"@id\":\"https:\\\/\\\/regask.com\\\/#\\\/schema\\\/logo\\\/image\\\/\",\"url\":\"https:\\\/\\\/regask.com\\\/wp-content\\\/uploads\\\/2024\\\/10\\\/RegASK-Logo-Dark-Round.png\",\"contentUrl\":\"https:\\\/\\\/regask.com\\\/wp-content\\\/uploads\\\/2024\\\/10\\\/RegASK-Logo-Dark-Round.png\",\"width\":401,\"height\":401,\"caption\":\"RegASK\"},\"image\":{\"@id\":\"https:\\\/\\\/regask.com\\\/#\\\/schema\\\/logo\\\/image\\\/\"},\"sameAs\":[\"https:\\\/\\\/www.facebook.com\\\/RegASKRegulatoryAffairs\\\/\",\"https:\\\/\\\/x.com\\\/ASKRegASK\",\"https:\\\/\\\/www.linkedin.com\\\/company\\\/RegASK\\\/\",\"https:\\\/\\\/www.youtube.com\\\/@RegASK\"]},{\"@type\":\"Person\",\"@id\":\"https:\\\/\\\/regask.com\\\/#\\\/schema\\\/person\\\/c1d261e8dcf7b1c30b2c4f2c119df42d\",\"name\":\"Benoit Trouwaert\"}]}<\/script>\n<!-- \/ Yoast SEO Premium plugin. -->","yoast_head_json":{"title":"M\u00e9xico: Se aprueba la Ley de Alimentaci\u00f3n Sustentable | RegASK","description":"El Senado mexicano aprueba una iniciativa de ley para promulgar una ley general de alimentaci\u00f3n adecuada y sostenible. Mant\u00e9ngase informado con el an\u00e1lisis de RegASK.","robots":{"index":"index","follow":"follow","max-snippet":"max-snippet:-1","max-image-preview":"max-image-preview:large","max-video-preview":"max-video-preview:-1"},"canonical":"https:\/\/regask.com\/es\/se-aprueba-la-ley-de-alimentacion-sostenible\/","og_locale":"es_ES","og_type":"article","og_title":"Senate approves bill to enact General Law on Adequate and Sustainable Food","og_description":"The Mexican Senate approves a bill to enact a general law on adequate and sustainable food. Stay informed with RegASK's analysis.","og_url":"https:\/\/regask.com\/es\/se-aprueba-la-ley-de-alimentacion-sostenible\/","og_site_name":"RegASK","article_publisher":"https:\/\/www.facebook.com\/RegASKRegulatoryAffairs\/","article_published_time":"2023-12-27T07:25:01+00:00","article_modified_time":"2024-10-25T15:17:21+00:00","og_image":[{"width":688,"height":626,"url":"https:\/\/regask.com\/wp-content\/uploads\/2021\/12\/food-with-trans-fat-fop-labelling.png","type":"image\/png"}],"author":"Benoit Trouwaert","twitter_card":"summary_large_image","twitter_image":"https:\/\/regask.com\/wp-content\/uploads\/2021\/12\/food-with-trans-fat-fop-labelling.png","twitter_creator":"@ASKRegASK","twitter_site":"@ASKRegASK","twitter_misc":{"Written by":"Benoit Trouwaert","Est. reading time":"1 minuto"},"schema":{"@context":"https:\/\/schema.org","@graph":[{"@type":"Article","@id":"https:\/\/regask.com\/sustainable-food-law-approved\/#article","isPartOf":{"@id":"https:\/\/regask.com\/sustainable-food-law-approved\/"},"author":{"name":"Benoit Trouwaert","@id":"https:\/\/regask.com\/#\/schema\/person\/c1d261e8dcf7b1c30b2c4f2c119df42d"},"headline":"Senate approves bill to enact General Law on Adequate a&hellip;","datePublished":"2023-12-27T07:25:01+00:00","dateModified":"2024-10-25T15:17:21+00:00","mainEntityOfPage":{"@id":"https:\/\/regask.com\/sustainable-food-law-approved\/"},"wordCount":70,"publisher":{"@id":"https:\/\/regask.com\/#organization"},"image":{"@id":"https:\/\/regask.com\/sustainable-food-law-approved\/#primaryimage"},"thumbnailUrl":"https:\/\/regask.com\/wp-content\/uploads\/2023\/11\/Senate-approves-bill-to-enact-General-Law-on-Adequate-and-Sustainable-Food.png","keywords":["environment","Premium News","Public Health","Sustainable Food"],"articleSection":["Food and Nutrition","Mexico"],"inLanguage":"es"},{"@type":"WebPage","@id":"https:\/\/regask.com\/sustainable-food-law-approved\/","url":"https:\/\/regask.com\/sustainable-food-law-approved\/","name":"M\u00e9xico: Se aprueba la Ley de Alimentaci\u00f3n Sustentable | RegASK","isPartOf":{"@id":"https:\/\/regask.com\/#website"},"primaryImageOfPage":{"@id":"https:\/\/regask.com\/sustainable-food-law-approved\/#primaryimage"},"image":{"@id":"https:\/\/regask.com\/sustainable-food-law-approved\/#primaryimage"},"thumbnailUrl":"https:\/\/regask.com\/wp-content\/uploads\/2023\/11\/Senate-approves-bill-to-enact-General-Law-on-Adequate-and-Sustainable-Food.png","datePublished":"2023-12-27T07:25:01+00:00","dateModified":"2024-10-25T15:17:21+00:00","description":"El Senado mexicano aprueba una iniciativa de ley para promulgar una ley general de alimentaci\u00f3n adecuada y sostenible. Mant\u00e9ngase informado con el an\u00e1lisis de RegASK.","inLanguage":"es","potentialAction":[{"@type":"ReadAction","target":["https:\/\/regask.com\/sustainable-food-law-approved\/"]}]},{"@type":"ImageObject","inLanguage":"es","@id":"https:\/\/regask.com\/sustainable-food-law-approved\/#primaryimage","url":"https:\/\/regask.com\/wp-content\/uploads\/2023\/11\/Senate-approves-bill-to-enact-General-Law-on-Adequate-and-Sustainable-Food.png","contentUrl":"https:\/\/regask.com\/wp-content\/uploads\/2023\/11\/Senate-approves-bill-to-enact-General-Law-on-Adequate-and-Sustainable-Food.png","width":330,"height":300,"caption":"Senate Approves Bill To Enact General Law On Adequate And Sustainable Food"},{"@type":"WebSite","@id":"https:\/\/regask.com\/#website","url":"https:\/\/regask.com\/","name":"RegASK","description":"Habilitando decisiones regulatorias m\u00e1s inteligentes","publisher":{"@id":"https:\/\/regask.com\/#organization"},"potentialAction":[{"@type":"SearchAction","target":{"@type":"EntryPoint","urlTemplate":"https:\/\/regask.com\/?s={search_term_string}"},"query-input":{"@type":"PropertyValueSpecification","valueRequired":true,"valueName":"search_term_string"}}],"inLanguage":"es"},{"@type":"Organization","@id":"https:\/\/regask.com\/#organization","name":"RegASK","url":"https:\/\/regask.com\/","logo":{"@type":"ImageObject","inLanguage":"es","@id":"https:\/\/regask.com\/#\/schema\/logo\/image\/","url":"https:\/\/regask.com\/wp-content\/uploads\/2024\/10\/RegASK-Logo-Dark-Round.png","contentUrl":"https:\/\/regask.com\/wp-content\/uploads\/2024\/10\/RegASK-Logo-Dark-Round.png","width":401,"height":401,"caption":"RegASK"},"image":{"@id":"https:\/\/regask.com\/#\/schema\/logo\/image\/"},"sameAs":["https:\/\/www.facebook.com\/RegASKRegulatoryAffairs\/","https:\/\/x.com\/ASKRegASK","https:\/\/www.linkedin.com\/company\/RegASK\/","https:\/\/www.youtube.com\/@RegASK"]},{"@type":"Person","@id":"https:\/\/regask.com\/#\/schema\/person\/c1d261e8dcf7b1c30b2c4f2c119df42d","name":"Benoit Trouwaert"}]}},"_links":{"self":[{"href":"https:\/\/regask.com\/es\/wp-json\/wp\/v2\/posts\/4605","targetHints":{"allow":["GET"]}}],"collection":[{"href":"https:\/\/regask.com\/es\/wp-json\/wp\/v2\/posts"}],"about":[{"href":"https:\/\/regask.com\/es\/wp-json\/wp\/v2\/types\/post"}],"author":[{"embeddable":true,"href":"https:\/\/regask.com\/es\/wp-json\/wp\/v2\/users\/39"}],"replies":[{"embeddable":true,"href":"https:\/\/regask.com\/es\/wp-json\/wp\/v2\/comments?post=4605"}],"version-history":[{"count":0,"href":"https:\/\/regask.com\/es\/wp-json\/wp\/v2\/posts\/4605\/revisions"}],"wp:featuredmedia":[{"embeddable":true,"href":"https:\/\/regask.com\/es\/wp-json\/wp\/v2\/media\/4589"}],"wp:attachment":[{"href":"https:\/\/regask.com\/es\/wp-json\/wp\/v2\/media?parent=4605"}],"wp:term":[{"taxonomy":"category","embeddable":true,"href":"https:\/\/regask.com\/es\/wp-json\/wp\/v2\/categories?post=4605"},{"taxonomy":"post_tag","embeddable":true,"href":"https:\/\/regask.com\/es\/wp-json\/wp\/v2\/tags?post=4605"}],"curies":[{"name":"Gracias","href":"https:\/\/api.w.org\/{rel}","templated":true}]}}