{"id":8172,"date":"2025-04-02T03:27:30","date_gmt":"2025-04-01T19:27:30","guid":{"rendered":"https:\/\/regask.com\/?p=8172"},"modified":"2025-04-02T13:33:52","modified_gmt":"2025-04-02T05:33:52","slug":"prohibicion-de-aditivos-alimentarios-en-las-escuelas-de-virginia-occidental","status":"publish","type":"post","link":"https:\/\/regask.com\/es\/wv-school-food-additives-ban\/","title":{"rendered":"El gobernador de Virginia Occidental firma una ley que proh\u00edbe..."},"content":{"rendered":"<p>El Gobernador de Virginia Occidental promulg\u00f3 el Proyecto de Ley 2354 de la C\u00e1mara de Representantes, que modifica el art\u00edculo 16-7-2 del C\u00f3digo de Virginia Occidental de 1931. Esta nueva legislaci\u00f3n busca mejorar la protecci\u00f3n de la salud p\u00fablica al imponer normas m\u00e1s estrictas de fabricaci\u00f3n y venta de alimentos y productos farmac\u00e9uticos. Tambi\u00e9n introduce nuevos criterios para determinar la adulteraci\u00f3n de alimentos y medicamentos y proh\u00edbe ciertos aditivos peligrosos en los programas de nutrici\u00f3n escolar, como se describe en el Cap\u00edtulo 18, Art\u00edculo 5D de la Ley de Alimentaci\u00f3n para el Logro de Virginia Occidental.<\/p>\n<h4><strong>Disposiciones clave<\/strong><\/h4>\n<ul data-spread=\"false\">\n<li>Establece pautas m\u00e1s estrictas para identificar la adulteraci\u00f3n en alimentos y medicamentos, incluidas las desviaciones de los est\u00e1ndares aceptados de concentraci\u00f3n, calidad o pureza, el uso de sustitutos inferiores y la inclusi\u00f3n de ingredientes t\u00f3xicos o da\u00f1inos.<\/li>\n<li>A partir del 1 de agosto de 2025, los programas de nutrici\u00f3n escolar tendr\u00e1n prohibido utilizar ciertos colorantes y conservantes sint\u00e9ticos, incluidos:\n<ul data-spread=\"false\">\n<li>Tinte rojo n.\u00b0 3 y 40<\/li>\n<li>Tinte amarillo n.\u00b0 5 y 6<\/li>\n<li>Tinte azul 1 y 2<\/li>\n<li>Tinte verde 3<\/li>\n<li>Butilhidroxianisol (BHA)<\/li>\n<li>Propilparabeno<\/li>\n<\/ul>\n<\/li>\n<li>Las actividades de recaudaci\u00f3n de fondos est\u00e1n exentas de estas restricciones si cumplen criterios espec\u00edficos, como realizar fuera de las instalaciones de la escuela o fuera del horario escolar.<\/li>\n<li>Exige requisitos de etiquetado expl\u00edcitos para mezclas y compuestos para promover la transparencia de los ingredientes.<\/li>\n<li>La aplicaci\u00f3n de estas normas seg\u00fan el Proyecto de Ley de la C\u00e1mara de Representantes 2354 est\u00e1 prevista que comience el 1 de enero de 2027.<\/li>\n<\/ul>\n<h4><strong>Impacto y pr\u00f3ximos pasos<\/strong><\/h4>\n<p>La aprobaci\u00f3n del Proyecto de Ley 2354 de la C\u00e1mara de Representantes marca un avance significativo en la pol\u00edtica de salud p\u00fablica, al garantizar que los productos alimenticios consumidos por ni\u00f1os cumplan con est\u00e1ndares de seguridad m\u00e1s altos. Las escuelas, los fabricantes de alimentos y los minoristas deben comenzar a prepararse para cumplir con estas nuevas regulaciones. A medida que se acerca la aplicaci\u00f3n de la ley, se insta a las partes interesadas a revisar las formulaciones de los ingredientes y actualizar las pr\u00e1cticas de etiquetado para cumplir con los requisitos de la ley.<\/p>\n<p>Esta legislaci\u00f3n posiciona a Virginia Occidental como l\u00edder en seguridad alimentaria y transparencia, reforzando el compromiso del estado de proteger a los consumidores de sustancias potencialmente da\u00f1inas en los productos de uso diario.<\/p>\n<p>&nbsp;<\/p>","protected":false},"excerpt":{"rendered":"<p>El Gobernador de Virginia Occidental promulg\u00f3 el Proyecto de Ley 2354 de la C\u00e1mara de Representantes, que modifica el art\u00edculo 16-7-2 del C\u00f3digo de Virginia Occidental de 1931. Esta nueva legislaci\u00f3n busca fortalecer la protecci\u00f3n de la salud p\u00fablica al imponer normas m\u00e1s estrictas de fabricaci\u00f3n y venta de alimentos y productos farmac\u00e9uticos. Tambi\u00e9n introduce nuevos criterios para determinar la adulteraci\u00f3n de alimentos y medicamentos y proh\u00edbe\u2026<\/p>","protected":false},"author":30,"featured_media":8187,"comment_status":"closed","ping_status":"closed","sticky":false,"template":"","format":"standard","meta":{"_acf_changed":false,"footnotes":""},"categories":[527,34,35],"tags":[165,623,624],"class_list":["post-8172","post","type-post","status-publish","format-standard","has-post-thumbnail","hentry","category-united-states-regulations","category-food-beverage-insights","category-pharma-biotech-latest-insights","tag-public-health","tag-food-safety-regulations","tag-synthetic-dyes-ban"],"acf":[],"yoast_head":"<!-- This site is optimized with the Yoast SEO Premium plugin v27.3 (Yoast SEO v27.4) - https:\/\/yoast.com\/product\/yoast-seo-premium-wordpress\/ -->\n<title>WV School Food Additives Ban: New Safety Law | RegASK<\/title>\n<meta name=\"description\" content=\"West Virginia bans harmful food additives in schools by 2025. Learn about the new safety law &amp; how it impacts student nutrition.\" \/>\n<meta name=\"robots\" content=\"index, follow, max-snippet:-1, max-image-preview:large, max-video-preview:-1\" \/>\n<link rel=\"canonical\" href=\"https:\/\/regask.com\/es\/prohibicion-de-aditivos-alimentarios-en-las-escuelas-de-virginia-occidental\/\" \/>\n<meta property=\"og:locale\" content=\"es_ES\" \/>\n<meta property=\"og:type\" content=\"article\" \/>\n<meta property=\"og:title\" content=\"West Virginia Governor Signs Legislation Prohibiting Certain Colorants and Preservatives in Food\" \/>\n<meta property=\"og:description\" content=\"West Virginia bans harmful food additives in schools by 2025. Learn about the new safety law &amp; how it impacts student nutrition.\" \/>\n<meta property=\"og:url\" content=\"https:\/\/regask.com\/es\/prohibicion-de-aditivos-alimentarios-en-las-escuelas-de-virginia-occidental\/\" \/>\n<meta property=\"og:site_name\" content=\"RegASK\" \/>\n<meta property=\"article:publisher\" content=\"https:\/\/www.facebook.com\/RegASKRegulatoryAffairs\/\" \/>\n<meta property=\"article:published_time\" content=\"2025-04-01T19:27:30+00:00\" \/>\n<meta property=\"article:modified_time\" content=\"2025-04-02T05:33:52+00:00\" \/>\n<meta property=\"og:image\" content=\"https:\/\/regask.com\/wp-content\/uploads\/2025\/03\/west-virginia-governor-signs-legislation-prohibiting-certain-colorants-preservatives-food.png\" \/>\n\t<meta property=\"og:image:width\" content=\"800\" \/>\n\t<meta property=\"og:image:height\" content=\"600\" \/>\n\t<meta property=\"og:image:type\" content=\"image\/png\" \/>\n<meta name=\"author\" content=\"Amandine Tricou\" \/>\n<meta name=\"twitter:card\" content=\"summary_large_image\" \/>\n<meta name=\"twitter:creator\" content=\"@ASKRegASK\" \/>\n<meta name=\"twitter:site\" content=\"@ASKRegASK\" \/>\n<meta name=\"twitter:label1\" content=\"Written by\" \/>\n\t<meta name=\"twitter:data1\" content=\"Amandine Tricou\" \/>\n\t<meta name=\"twitter:label2\" content=\"Est. reading time\" \/>\n\t<meta name=\"twitter:data2\" content=\"2 minutos\" \/>\n<script type=\"application\/ld+json\" class=\"yoast-schema-graph\">{\"@context\":\"https:\\\/\\\/schema.org\",\"@graph\":[{\"@type\":\"Article\",\"@id\":\"https:\\\/\\\/regask.com\\\/wv-school-food-additives-ban\\\/#article\",\"isPartOf\":{\"@id\":\"https:\\\/\\\/regask.com\\\/wv-school-food-additives-ban\\\/\"},\"author\":{\"name\":\"Amandine Tricou\",\"@id\":\"https:\\\/\\\/regask.com\\\/#\\\/schema\\\/person\\\/c2135b6dbdb95b0886564618fe9f4108\"},\"headline\":\"West Virginia Governor Signs Legislation Prohibiting Ce&hellip;\",\"datePublished\":\"2025-04-01T19:27:30+00:00\",\"dateModified\":\"2025-04-02T05:33:52+00:00\",\"mainEntityOfPage\":{\"@id\":\"https:\\\/\\\/regask.com\\\/wv-school-food-additives-ban\\\/\"},\"wordCount\":293,\"publisher\":{\"@id\":\"https:\\\/\\\/regask.com\\\/#organization\"},\"image\":{\"@id\":\"https:\\\/\\\/regask.com\\\/wv-school-food-additives-ban\\\/#primaryimage\"},\"thumbnailUrl\":\"https:\\\/\\\/regask.com\\\/wp-content\\\/uploads\\\/2025\\\/03\\\/west-virginia-governor-signs-legislation-prohibiting-certain-colorants-preservatives-food.png\",\"keywords\":[\"Public Health\",\"Food Safety Regulations\",\"Synthetic Dyes Ban\"],\"articleSection\":[\"United States\",\"Food and Nutrition\",\"Pharma and Biotech\"],\"inLanguage\":\"es\"},{\"@type\":\"WebPage\",\"@id\":\"https:\\\/\\\/regask.com\\\/wv-school-food-additives-ban\\\/\",\"url\":\"https:\\\/\\\/regask.com\\\/wv-school-food-additives-ban\\\/\",\"name\":\"WV School Food Additives Ban: New Safety Law | RegASK\",\"isPartOf\":{\"@id\":\"https:\\\/\\\/regask.com\\\/#website\"},\"primaryImageOfPage\":{\"@id\":\"https:\\\/\\\/regask.com\\\/wv-school-food-additives-ban\\\/#primaryimage\"},\"image\":{\"@id\":\"https:\\\/\\\/regask.com\\\/wv-school-food-additives-ban\\\/#primaryimage\"},\"thumbnailUrl\":\"https:\\\/\\\/regask.com\\\/wp-content\\\/uploads\\\/2025\\\/03\\\/west-virginia-governor-signs-legislation-prohibiting-certain-colorants-preservatives-food.png\",\"datePublished\":\"2025-04-01T19:27:30+00:00\",\"dateModified\":\"2025-04-02T05:33:52+00:00\",\"description\":\"West Virginia bans harmful food additives in schools by 2025. Learn about the new safety law & how it impacts student nutrition.\",\"inLanguage\":\"es\",\"potentialAction\":[{\"@type\":\"ReadAction\",\"target\":[\"https:\\\/\\\/regask.com\\\/wv-school-food-additives-ban\\\/\"]}]},{\"@type\":\"ImageObject\",\"inLanguage\":\"es\",\"@id\":\"https:\\\/\\\/regask.com\\\/wv-school-food-additives-ban\\\/#primaryimage\",\"url\":\"https:\\\/\\\/regask.com\\\/wp-content\\\/uploads\\\/2025\\\/03\\\/west-virginia-governor-signs-legislation-prohibiting-certain-colorants-preservatives-food.png\",\"contentUrl\":\"https:\\\/\\\/regask.com\\\/wp-content\\\/uploads\\\/2025\\\/03\\\/west-virginia-governor-signs-legislation-prohibiting-certain-colorants-preservatives-food.png\",\"width\":800,\"height\":600,\"caption\":\"West Virginia Governor Signs Legislation Prohibiting Certain Colorants Preservatives Food\"},{\"@type\":\"WebSite\",\"@id\":\"https:\\\/\\\/regask.com\\\/#website\",\"url\":\"https:\\\/\\\/regask.com\\\/\",\"name\":\"RegASK\",\"description\":\"Empowering Smarter Regulatory Decisions\",\"publisher\":{\"@id\":\"https:\\\/\\\/regask.com\\\/#organization\"},\"potentialAction\":[{\"@type\":\"SearchAction\",\"target\":{\"@type\":\"EntryPoint\",\"urlTemplate\":\"https:\\\/\\\/regask.com\\\/?s={search_term_string}\"},\"query-input\":{\"@type\":\"PropertyValueSpecification\",\"valueRequired\":true,\"valueName\":\"search_term_string\"}}],\"inLanguage\":\"es\"},{\"@type\":\"Organization\",\"@id\":\"https:\\\/\\\/regask.com\\\/#organization\",\"name\":\"RegASK\",\"url\":\"https:\\\/\\\/regask.com\\\/\",\"logo\":{\"@type\":\"ImageObject\",\"inLanguage\":\"es\",\"@id\":\"https:\\\/\\\/regask.com\\\/#\\\/schema\\\/logo\\\/image\\\/\",\"url\":\"https:\\\/\\\/regask.com\\\/wp-content\\\/uploads\\\/2024\\\/10\\\/RegASK-Logo-Dark-Round.png\",\"contentUrl\":\"https:\\\/\\\/regask.com\\\/wp-content\\\/uploads\\\/2024\\\/10\\\/RegASK-Logo-Dark-Round.png\",\"width\":401,\"height\":401,\"caption\":\"RegASK\"},\"image\":{\"@id\":\"https:\\\/\\\/regask.com\\\/#\\\/schema\\\/logo\\\/image\\\/\"},\"sameAs\":[\"https:\\\/\\\/www.facebook.com\\\/RegASKRegulatoryAffairs\\\/\",\"https:\\\/\\\/x.com\\\/ASKRegASK\",\"https:\\\/\\\/www.linkedin.com\\\/company\\\/RegASK\\\/\",\"https:\\\/\\\/www.youtube.com\\\/playlist?list=PL6yPC6gFqelkHbOeyUVKjtHOZXZ2LQbJd\"]},{\"@type\":\"Person\",\"@id\":\"https:\\\/\\\/regask.com\\\/#\\\/schema\\\/person\\\/c2135b6dbdb95b0886564618fe9f4108\",\"name\":\"Amandine Tricou\",\"sameAs\":[\"http:\\\/\\\/www.regask.com\"]}]}<\/script>\n<!-- \/ Yoast SEO Premium plugin. -->","yoast_head_json":{"title":"Prohibici\u00f3n de aditivos alimentarios en escuelas de Virginia Occidental: Nueva ley de seguridad | RegASK","description":"Virginia Occidental prohibir\u00e1 los aditivos alimentarios nocivos en las escuelas para 2025. Conozca la nueva ley de seguridad y c\u00f3mo afecta la nutrici\u00f3n de los estudiantes.","robots":{"index":"index","follow":"follow","max-snippet":"max-snippet:-1","max-image-preview":"max-image-preview:large","max-video-preview":"max-video-preview:-1"},"canonical":"https:\/\/regask.com\/es\/prohibicion-de-aditivos-alimentarios-en-las-escuelas-de-virginia-occidental\/","og_locale":"es_ES","og_type":"article","og_title":"West Virginia Governor Signs Legislation Prohibiting Certain Colorants and Preservatives in Food","og_description":"West Virginia bans harmful food additives in schools by 2025. Learn about the new safety law & how it impacts student nutrition.","og_url":"https:\/\/regask.com\/es\/prohibicion-de-aditivos-alimentarios-en-las-escuelas-de-virginia-occidental\/","og_site_name":"RegASK","article_publisher":"https:\/\/www.facebook.com\/RegASKRegulatoryAffairs\/","article_published_time":"2025-04-01T19:27:30+00:00","article_modified_time":"2025-04-02T05:33:52+00:00","og_image":[{"width":800,"height":600,"url":"https:\/\/regask.com\/wp-content\/uploads\/2025\/03\/west-virginia-governor-signs-legislation-prohibiting-certain-colorants-preservatives-food.png","type":"image\/png"}],"author":"Amandine Tricou","twitter_card":"summary_large_image","twitter_creator":"@ASKRegASK","twitter_site":"@ASKRegASK","twitter_misc":{"Written by":"Amandine Tricou","Est. reading time":"2 minutos"},"schema":{"@context":"https:\/\/schema.org","@graph":[{"@type":"Article","@id":"https:\/\/regask.com\/wv-school-food-additives-ban\/#article","isPartOf":{"@id":"https:\/\/regask.com\/wv-school-food-additives-ban\/"},"author":{"name":"Amandine Tricou","@id":"https:\/\/regask.com\/#\/schema\/person\/c2135b6dbdb95b0886564618fe9f4108"},"headline":"West Virginia Governor Signs Legislation Prohibiting Ce&hellip;","datePublished":"2025-04-01T19:27:30+00:00","dateModified":"2025-04-02T05:33:52+00:00","mainEntityOfPage":{"@id":"https:\/\/regask.com\/wv-school-food-additives-ban\/"},"wordCount":293,"publisher":{"@id":"https:\/\/regask.com\/#organization"},"image":{"@id":"https:\/\/regask.com\/wv-school-food-additives-ban\/#primaryimage"},"thumbnailUrl":"https:\/\/regask.com\/wp-content\/uploads\/2025\/03\/west-virginia-governor-signs-legislation-prohibiting-certain-colorants-preservatives-food.png","keywords":["Public Health","Food Safety Regulations","Synthetic Dyes Ban"],"articleSection":["United States","Food and Nutrition","Pharma and Biotech"],"inLanguage":"es"},{"@type":"WebPage","@id":"https:\/\/regask.com\/wv-school-food-additives-ban\/","url":"https:\/\/regask.com\/wv-school-food-additives-ban\/","name":"Prohibici\u00f3n de aditivos alimentarios en escuelas de Virginia Occidental: Nueva ley de seguridad | RegASK","isPartOf":{"@id":"https:\/\/regask.com\/#website"},"primaryImageOfPage":{"@id":"https:\/\/regask.com\/wv-school-food-additives-ban\/#primaryimage"},"image":{"@id":"https:\/\/regask.com\/wv-school-food-additives-ban\/#primaryimage"},"thumbnailUrl":"https:\/\/regask.com\/wp-content\/uploads\/2025\/03\/west-virginia-governor-signs-legislation-prohibiting-certain-colorants-preservatives-food.png","datePublished":"2025-04-01T19:27:30+00:00","dateModified":"2025-04-02T05:33:52+00:00","description":"Virginia Occidental prohibir\u00e1 los aditivos alimentarios nocivos en las escuelas para 2025. Conozca la nueva ley de seguridad y c\u00f3mo afecta la nutrici\u00f3n de los estudiantes.","inLanguage":"es","potentialAction":[{"@type":"ReadAction","target":["https:\/\/regask.com\/wv-school-food-additives-ban\/"]}]},{"@type":"ImageObject","inLanguage":"es","@id":"https:\/\/regask.com\/wv-school-food-additives-ban\/#primaryimage","url":"https:\/\/regask.com\/wp-content\/uploads\/2025\/03\/west-virginia-governor-signs-legislation-prohibiting-certain-colorants-preservatives-food.png","contentUrl":"https:\/\/regask.com\/wp-content\/uploads\/2025\/03\/west-virginia-governor-signs-legislation-prohibiting-certain-colorants-preservatives-food.png","width":800,"height":600,"caption":"West Virginia Governor Signs Legislation Prohibiting Certain Colorants Preservatives Food"},{"@type":"WebSite","@id":"https:\/\/regask.com\/#website","url":"https:\/\/regask.com\/","name":"RegASK","description":"Habilitando decisiones regulatorias m\u00e1s inteligentes","publisher":{"@id":"https:\/\/regask.com\/#organization"},"potentialAction":[{"@type":"SearchAction","target":{"@type":"EntryPoint","urlTemplate":"https:\/\/regask.com\/?s={search_term_string}"},"query-input":{"@type":"PropertyValueSpecification","valueRequired":true,"valueName":"search_term_string"}}],"inLanguage":"es"},{"@type":"Organization","@id":"https:\/\/regask.com\/#organization","name":"RegASK","url":"https:\/\/regask.com\/","logo":{"@type":"ImageObject","inLanguage":"es","@id":"https:\/\/regask.com\/#\/schema\/logo\/image\/","url":"https:\/\/regask.com\/wp-content\/uploads\/2024\/10\/RegASK-Logo-Dark-Round.png","contentUrl":"https:\/\/regask.com\/wp-content\/uploads\/2024\/10\/RegASK-Logo-Dark-Round.png","width":401,"height":401,"caption":"RegASK"},"image":{"@id":"https:\/\/regask.com\/#\/schema\/logo\/image\/"},"sameAs":["https:\/\/www.facebook.com\/RegASKRegulatoryAffairs\/","https:\/\/x.com\/ASKRegASK","https:\/\/www.linkedin.com\/company\/RegASK\/","https:\/\/www.youtube.com\/playlist?list=PL6yPC6gFqelkHbOeyUVKjtHOZXZ2LQbJd"]},{"@type":"Person","@id":"https:\/\/regask.com\/#\/schema\/person\/c2135b6dbdb95b0886564618fe9f4108","name":"Amandine Tricou","sameAs":["http:\/\/www.regask.com"]}]}},"_links":{"self":[{"href":"https:\/\/regask.com\/es\/wp-json\/wp\/v2\/posts\/8172","targetHints":{"allow":["GET"]}}],"collection":[{"href":"https:\/\/regask.com\/es\/wp-json\/wp\/v2\/posts"}],"about":[{"href":"https:\/\/regask.com\/es\/wp-json\/wp\/v2\/types\/post"}],"author":[{"embeddable":true,"href":"https:\/\/regask.com\/es\/wp-json\/wp\/v2\/users\/30"}],"replies":[{"embeddable":true,"href":"https:\/\/regask.com\/es\/wp-json\/wp\/v2\/comments?post=8172"}],"version-history":[{"count":0,"href":"https:\/\/regask.com\/es\/wp-json\/wp\/v2\/posts\/8172\/revisions"}],"wp:featuredmedia":[{"embeddable":true,"href":"https:\/\/regask.com\/es\/wp-json\/wp\/v2\/media\/8187"}],"wp:attachment":[{"href":"https:\/\/regask.com\/es\/wp-json\/wp\/v2\/media?parent=8172"}],"wp:term":[{"taxonomy":"category","embeddable":true,"href":"https:\/\/regask.com\/es\/wp-json\/wp\/v2\/categories?post=8172"},{"taxonomy":"post_tag","embeddable":true,"href":"https:\/\/regask.com\/es\/wp-json\/wp\/v2\/tags?post=8172"}],"curies":[{"name":"Gracias","href":"https:\/\/api.w.org\/{rel}","templated":true}]}}