{"id":9710,"date":"2026-03-25T16:05:14","date_gmt":"2026-03-25T08:05:14","guid":{"rendered":"https:\/\/regask.com\/?p=9710"},"modified":"2026-03-25T16:05:14","modified_gmt":"2026-03-25T08:05:14","slug":"echa-presenta-un-borrador-de-dictamen-de-la-seac-sobre-la-restriccion-de-pfas-en-toda-la-ue-que-esta-al-alcance","status":"publish","type":"post","link":"https:\/\/regask.com\/es\/echa-advances-draft-seac-opinion-on-eu-wide-pfas-restriction-under-reach\/","title":{"rendered":"La ECHA impulsa el borrador de dictamen del SEAC sobre las restricciones a las sustancias PFAS en toda la UE\u2026"},"content":{"rendered":"<p>En <strong>11 de marzo de 2026<\/strong>, el <strong>Agencia Europea de Sustancias Qu\u00edmicas (ECHA)<\/strong> anunci\u00f3 un <strong>borrador de opini\u00f3n<\/strong> desde su <strong>Comit\u00e9 de An\u00e1lisis Socioecon\u00f3mico (SEAC)<\/strong> en relaci\u00f3n con una propuesta <strong>Restricci\u00f3n a todas las sustancias perfluoroalquiladas y polifluoroalquiladas (PFAS)<\/strong> bajo la UE <strong>Reglamento REACH<\/strong>. El borrador eval\u00faa la <strong>impactos socioecon\u00f3micos<\/strong> de limitar la fabricaci\u00f3n, comercializaci\u00f3n y uso de PFAS en toda la UE\/EEE, con una <strong>Per\u00edodo de consulta de 60 d\u00edas<\/strong> Tras su publicaci\u00f3n.<\/p>\n<div class=\"row\"  id=\"row-2031157709\">\n\n\t<div id=\"col-1814930211\" class=\"col small-12 large-12\"  >\n\t\t\t\t<div class=\"col-inner\"  >\n\t\t\t\n\t\t\t\n\t<div id=\"gap-1727583509\" class=\"gap-element clearfix\" style=\"display:block; height:auto;\">\n\t\t\n<style>\n#gap-1727583509 {\n  padding-top: 20px;\n}\n<\/style>\n\t<\/div>\n\t\n<h2>Detalles de la actualizaci\u00f3n<\/h2>\n\t<div id=\"gap-1976992286\" class=\"gap-element clearfix\" style=\"display:block; height:auto;\">\n\t\t\n<style>\n#gap-1976992286 {\n  padding-top: 15px;\n}\n<\/style>\n\t<\/div>\n\t\n<p>La restricci\u00f3n propuesta abarca <strong>Todos los usos y categor\u00edas de productos que contienen PFAS.<\/strong>, lo que refleja un enfoque regulatorio amplio para abordar <strong>sustancias qu\u00edmicas persistentes<\/strong> tanto en productos como en procesos industriales. El borrador de dictamen se basa en una propuesta presentada por las autoridades de <strong>cinco pa\u00edses de la UE\/EEE<\/strong>, con el objetivo de reducir <strong>emisiones ambientales<\/strong> y <strong>riesgos para la salud<\/strong> asociado con la exposici\u00f3n a PFAS.<\/p>\n<p>El borrador de la SEAC se centra en evaluar la <strong>implicaciones econ\u00f3micas y sociales<\/strong> de restringir las PFAS, incluidos los impactos en la industria, las cadenas de suministro y las posibles alternativas. Tras la publicaci\u00f3n, las partes interesadas tendr\u00e1n <strong>60 d\u00edas para enviar comentarios<\/strong>, aportando datos sobre <strong>usos, alternativas y consideraciones socioecon\u00f3micas<\/strong>.<\/p>\n<p>El <strong>Se espera que la opini\u00f3n final de la SEAC est\u00e9 disponible a finales de 2026.<\/strong>, despu\u00e9s de lo cual el <strong>Comisi\u00f3n Europea y Estados miembros de la UE<\/strong> determinar\u00e1 los pr\u00f3ximos pasos en el proceso de toma de decisiones regulatorias.<\/p>\n\t\t<\/div>\n\t\t\t\t\n<style>\n#col-1814930211 > .col-inner {\n  margin: 0px 0px -20px 0px;\n}\n<\/style>\n\t<\/div>\n\n\t\n\n\t<div id=\"col-1188166760\" class=\"col small-12 large-12\"  >\n\t\t\t\t<div class=\"col-inner\"  >\n\t\t\t\n\t\t\t\n<h2>Fecha l\u00edmite para comentarios<\/h2>\n\t<div id=\"gap-739418996\" class=\"gap-element clearfix\" style=\"display:block; height:auto;\">\n\t\t\n<style>\n#gap-739418996 {\n  padding-top: 15px;\n}\n<\/style>\n\t<\/div>\n\t\n<p>Las partes interesadas tendr\u00e1n una <strong>Per\u00edodo de consulta de 60 d\u00edas<\/strong> enviar comentarios una vez que el borrador de la opini\u00f3n se publique formalmente.<\/p>\n\t\t<\/div>\n\t\t\t\t\n<style>\n#col-1188166760 > .col-inner {\n  margin: 0px 0px -20px 0px;\n}\n<\/style>\n\t<\/div>\n\n\t\n\n\t<div id=\"col-1148897168\" class=\"col small-12 large-12\"  >\n\t\t\t\t<div class=\"col-inner\"  >\n\t\t\t\n\t\t\t\n<h2>Por qu\u00e9 es importante<\/h2>\n\t<div id=\"gap-805490668\" class=\"gap-element clearfix\" style=\"display:block; height:auto;\">\n\t\t\n<style>\n#gap-805490668 {\n  padding-top: 15px;\n}\n<\/style>\n\t<\/div>\n\t\n<p>Este desarrollo introduce importantes <strong>escrutinio regulatorio<\/strong> sobre las PFAS en todos los sectores, reforzando el enfoque de la UE en <strong>seguridad qu\u00edmica y protecci\u00f3n del medio ambiente<\/strong>. La posible restricci\u00f3n podr\u00eda impulsar <strong>transformaci\u00f3n de la cadena de suministro<\/strong>, requerir <strong>reformulaci\u00f3n del producto<\/strong>, y aumentar la necesidad de <strong>evaluaci\u00f3n de sustancias alternativas<\/strong>, al tiempo que se apoya el largo plazo <strong>alineaci\u00f3n regulatoria y reducci\u00f3n de riesgos<\/strong>.<\/p>\n\t\t<\/div>\n\t\t\t\t\n<style>\n#col-1148897168 > .col-inner {\n  margin: 0px 0px -20px 0px;\n}\n<\/style>\n\t<\/div>\n\n\t\n\n\t<div id=\"col-1007487291\" class=\"col small-12 large-12\"  >\n\t\t\t\t<div class=\"col-inner\"  >\n\t\t\t\n\t\t\t\n<h2>A qui\u00e9n afecta esto<\/h2>\n\t<div id=\"gap-128260773\" class=\"gap-element clearfix\" style=\"display:block; height:auto;\">\n\t\t\n<style>\n#gap-128260773 {\n  padding-top: 15px;\n}\n<\/style>\n\t<\/div>\n\t\n<p>Esta actualizaci\u00f3n es relevante para <strong>Asuntos regulatorios<\/strong>, <strong>Gesti\u00f3n responsable del producto<\/strong>, <strong>Seguro de calidad<\/strong>, <strong>I+D<\/strong>, y <strong>Equipos de la cadena de suministro<\/strong> dentro de las organizaciones que <strong>fabricar, importar o utilizar productos que contengan PFAS<\/strong> en todos los sectores que operan en la UE\/EEE.<\/p>\n\t\t<\/div>\n\t\t\t\t\n<style>\n#col-1007487291 > .col-inner {\n  margin: 0px 0px -20px 0px;\n}\n<\/style>\n\t<\/div>\n\n\t\n\n\t<div id=\"col-129802898\" class=\"col small-12 large-12\"  >\n\t\t\t\t<div class=\"col-inner\"  >\n\t\t\t\n\t\t\t\n<h2>Pr\u00f3ximos pasos<\/h2>\n\t<div id=\"gap-682143226\" class=\"gap-element clearfix\" style=\"display:block; height:auto;\">\n\t\t\n<style>\n#gap-682143226 {\n  padding-top: 15px;\n}\n<\/style>\n\t<\/div>\n\t\n<p>Las organizaciones deber\u00edan <strong>evaluar las carteras de productos y las cadenas de suministro<\/strong> para identificar la exposici\u00f3n a PFAS y evaluar los impactos potenciales. Se anima a las partes interesadas a <strong>prepararse para participar en el proceso de consulta<\/strong> mediante la recopilaci\u00f3n de datos relevantes sobre <strong>Usos actuales, alternativas disponibles e implicaciones socioecon\u00f3micas<\/strong> para respaldar presentaciones fundamentadas.<\/p>\n<p>A medida que aumenta la presi\u00f3n regulatoria sobre los productos qu\u00edmicos persistentes a nivel mundial, la evaluaci\u00f3n proactiva y la planificaci\u00f3n estrat\u00e9gica son fundamentales para mantener el cumplimiento normativo y la continuidad del mercado.<\/p>\n<p><a href=\"https:\/\/regask.com\/es\/\">RegASK<\/a> Es una plataforma l\u00edder de inteligencia regulatoria y orquestaci\u00f3n de flujos de trabajo con IA agentic que permite a organizaciones globales en sectores altamente regulados, como productos de consumo y ciencias de la vida, gestionar de forma proactiva entornos regulatorios complejos. Al combinar IA agentic avanzada con expertos en el sector, <a href=\"https:\/\/regask.com\/es\/\">RegASK<\/a> Proporciona informaci\u00f3n predictiva y procesable oportuna y automatizaci\u00f3n de extremo a extremo, agilizando los procesos de cumplimiento, mitigando riesgos y acelerando el acceso al mercado en m\u00e1s de 160 pa\u00edses. <a href=\"https:\/\/regask.com\/es\/producto\/\">M\u00e1s informaci\u00f3n<\/a> o <a href=\"https:\/\/regask.com\/es\/reservar-una-demostracion\/\">Reservar una demostraci\u00f3n<\/a> ahora.<\/p>\n\t\t<\/div>\n\t\t\t\t\n<style>\n#col-129802898 > .col-inner {\n  margin: 0px 0px -20px 0px;\n}\n<\/style>\n\t<\/div>\n\n\t\n<\/div>\n<div class=\"row\"  id=\"row-1546036280\">\n\n\t<div id=\"col-848809830\" class=\"col small-12 large-12\"  >\n\t\t\t\t<div class=\"col-inner\"  >\n\t\t\t\n\t\t\t\n<div class=\"is-divider divider clearfix\" style=\"margin-top:2em;margin-bottom:2em;max-width:20%;height:1px;background-color:#a5acd9;\"><\/div>\n<h3>Preguntas frecuentes<\/h3>\n\t<div id=\"gap-1423406851\" class=\"gap-element clearfix\" style=\"display:block; height:auto;\">\n\t\t\n<style>\n#gap-1423406851 {\n  padding-top: 10px;\n}\n<\/style>\n\t<\/div>\n\t\n<h4>\u00bfCu\u00e1l es el alcance de la restricci\u00f3n propuesta sobre PFAS en el marco del reglamento REACH?<\/h4>\n\t<div id=\"gap-144683632\" class=\"gap-element clearfix\" style=\"display:block; height:auto;\">\n\t\t\n<style>\n#gap-144683632 {\n  padding-top: 10px;\n}\n<\/style>\n\t<\/div>\n\t\n<p>El borrador de la restricci\u00f3n abarca <strong>Todos los usos y categor\u00edas de productos que contienen PFAS.<\/strong> en toda la UE\/EEE.<\/p>\n\t\t<\/div>\n\t\t\t\t\n<style>\n#col-848809830 > .col-inner {\n  margin: 0px 0px -20px 0px;\n}\n<\/style>\n\t<\/div>\n\n\t\n\n\t<div id=\"col-1871909511\" class=\"col small-12 large-12\"  >\n\t\t\t\t<div class=\"col-inner\"  >\n\t\t\t\n\t\t\t\n<h4>\u00bfCu\u00e1l es el papel de SEAC en este proceso?<\/h4>\n\t<div id=\"gap-164720843\" class=\"gap-element clearfix\" style=\"display:block; height:auto;\">\n\t\t\n<style>\n#gap-164720843 {\n  padding-top: 10px;\n}\n<\/style>\n\t<\/div>\n\t\n<p>SEAC eval\u00faa el <strong>impactos socioecon\u00f3micos<\/strong> de la restricci\u00f3n propuesta para fundamentar la toma de decisiones regulatorias.<\/p>\n\t\t<\/div>\n\t\t\t\t\n<style>\n#col-1871909511 > .col-inner {\n  margin: 0px 0px -20px 0px;\n}\n<\/style>\n\t<\/div>\n\n\t\n\n\t<div id=\"col-2030800517\" class=\"col small-12 large-12\"  >\n\t\t\t\t<div class=\"col-inner\"  >\n\t\t\t\n\t\t\t\n<h4>\u00bfCu\u00e1ndo se emitir\u00e1 el dictamen final?<\/h4>\n\t<div id=\"gap-206710535\" class=\"gap-element clearfix\" style=\"display:block; height:auto;\">\n\t\t\n<style>\n#gap-206710535 {\n  padding-top: 10px;\n}\n<\/style>\n\t<\/div>\n\t\n<p>El <strong>Se espera que la opini\u00f3n final de la SEAC est\u00e9 disponible a finales de 2026.<\/strong>, seguidas de decisiones de la Comisi\u00f3n Europea y de los Estados miembros.<\/p>\n\t\t<\/div>\n\t\t\t\t\n<style>\n#col-2030800517 > .col-inner {\n  margin: 0px 0px -20px 0px;\n}\n<\/style>\n\t<\/div>\n\n\t\n\n\t<div id=\"col-1310353772\" class=\"col small-12 large-12\"  >\n\t\t\t\t<div class=\"col-inner\"  >\n\t\t\t\n\t\t\t\n<h4>\u00bfC\u00f3mo puede RegASK ayudar a las empresas a gestionar el riesgo regulatorio de las sustancias PFAS?<\/h4>\n\t<div id=\"gap-1737041410\" class=\"gap-element clearfix\" style=\"display:block; height:auto;\">\n\t\t\n<style>\n#gap-1737041410 {\n  padding-top: 10px;\n}\n<\/style>\n\t<\/div>\n\t\n<p><a href=\"http:\/\/regask.com\/es\/\">RegASK<\/a> Ayuda a las organizaciones a supervisar la evoluci\u00f3n de las normativas, evaluar la exposici\u00f3n de la cadena de suministro y alinear las estrategias de cumplimiento, lo que permite una gesti\u00f3n proactiva de las restricciones qu\u00edmicas en constante cambio.<\/p>\n\t\t<\/div>\n\t\t\t\t\n<style>\n#col-1310353772 > .col-inner {\n  margin: 0px 0px -20px 0px;\n}\n<\/style>\n\t<\/div>\n\n\t\n<\/div>","protected":false},"excerpt":{"rendered":"<p>On March 11, 2026, the European Chemicals Agency (ECHA) announced a draft opinion from its Committee for Socio-Economic Analysis (SEAC) regarding a proposed restriction on all per- and polyfluoroalkyl substances (PFAS) under the EU\u2019s REACH regulation. The draft evaluates the socio-economic impacts of limiting PFAS manufacture, market placement, and use across the EU\/EEA, with a&#8230;<\/p>","protected":false},"author":32,"featured_media":9711,"comment_status":"closed","ping_status":"closed","sticky":false,"template":"","format":"standard","meta":{"_acf_changed":false,"footnotes":""},"categories":[33,538],"tags":[],"class_list":["post-9710","post","type-post","status-publish","format-standard","has-post-thumbnail","hentry","category-news","category-european-union"],"acf":[],"yoast_head":"<!-- This site is optimized with the Yoast SEO Premium plugin v27.3 (Yoast SEO v27.5) - https:\/\/yoast.com\/product\/yoast-seo-premium-wordpress\/ -->\n<title>ECHA Advances Draft SEAC Opinion on EU-Wide PFAS Regulation<\/title>\n<meta name=\"description\" content=\"Discover the ECHA draft SEAC opinion on the proposed EU-wide PFAS restriction under REACH and its socio-economic impacts.\" \/>\n<meta name=\"robots\" content=\"index, follow, max-snippet:-1, max-image-preview:large, max-video-preview:-1\" \/>\n<link rel=\"canonical\" href=\"https:\/\/regask.com\/es\/echa-presenta-un-borrador-de-dictamen-de-la-seac-sobre-la-restriccion-de-pfas-en-toda-la-ue-que-esta-al-alcance\/\" \/>\n<meta property=\"og:locale\" content=\"es_ES\" \/>\n<meta property=\"og:type\" content=\"article\" \/>\n<meta property=\"og:title\" content=\"ECHA Advances Draft SEAC Opinion on EU-Wide PFAS Restriction Under REACH\" \/>\n<meta property=\"og:description\" content=\"Discover the ECHA draft SEAC opinion on the proposed EU-wide PFAS restriction under REACH and its socio-economic impacts.\" \/>\n<meta property=\"og:url\" content=\"https:\/\/regask.com\/es\/echa-presenta-un-borrador-de-dictamen-de-la-seac-sobre-la-restriccion-de-pfas-en-toda-la-ue-que-esta-al-alcance\/\" \/>\n<meta property=\"og:site_name\" content=\"RegASK\" \/>\n<meta property=\"article:publisher\" content=\"https:\/\/www.facebook.com\/RegASKRegulatoryAffairs\/\" \/>\n<meta property=\"article:published_time\" content=\"2026-03-25T08:05:14+00:00\" \/>\n<meta property=\"og:image\" content=\"https:\/\/regask.com\/wp-content\/uploads\/2026\/03\/echa-advances-draft-seac-opinion-eu-wide-pfas-restriction-reach.png\" \/>\n\t<meta property=\"og:image:width\" content=\"800\" \/>\n\t<meta property=\"og:image:height\" content=\"600\" \/>\n\t<meta property=\"og:image:type\" content=\"image\/png\" \/>\n<meta name=\"author\" content=\"Hannah Nordin\" \/>\n<meta name=\"twitter:card\" content=\"summary_large_image\" \/>\n<meta name=\"twitter:creator\" content=\"@ASKRegASK\" \/>\n<meta name=\"twitter:site\" content=\"@ASKRegASK\" \/>\n<meta name=\"twitter:label1\" content=\"Written by\" \/>\n\t<meta name=\"twitter:data1\" content=\"Hannah Nordin\" \/>\n\t<meta name=\"twitter:label2\" content=\"Est. reading time\" \/>\n\t<meta name=\"twitter:data2\" content=\"4 minutos\" \/>\n<script type=\"application\/ld+json\" class=\"yoast-schema-graph\">{\"@context\":\"https:\\\/\\\/schema.org\",\"@graph\":[{\"@type\":\"Article\",\"@id\":\"https:\\\/\\\/regask.com\\\/echa-advances-draft-seac-opinion-on-eu-wide-pfas-restriction-under-reach\\\/#article\",\"isPartOf\":{\"@id\":\"https:\\\/\\\/regask.com\\\/echa-advances-draft-seac-opinion-on-eu-wide-pfas-restriction-under-reach\\\/\"},\"author\":{\"name\":\"Hannah Nordin\",\"@id\":\"https:\\\/\\\/regask.com\\\/#\\\/schema\\\/person\\\/3a8aaee2c7585284f97ec9e038e36b65\"},\"headline\":\"ECHA Advances Draft SEAC Opinion on EU-Wide PFAS Restri&hellip;\",\"datePublished\":\"2026-03-25T08:05:14+00:00\",\"mainEntityOfPage\":{\"@id\":\"https:\\\/\\\/regask.com\\\/echa-advances-draft-seac-opinion-on-eu-wide-pfas-restriction-under-reach\\\/\"},\"wordCount\":715,\"publisher\":{\"@id\":\"https:\\\/\\\/regask.com\\\/#organization\"},\"image\":{\"@id\":\"https:\\\/\\\/regask.com\\\/echa-advances-draft-seac-opinion-on-eu-wide-pfas-restriction-under-reach\\\/#primaryimage\"},\"thumbnailUrl\":\"https:\\\/\\\/regask.com\\\/wp-content\\\/uploads\\\/2026\\\/03\\\/echa-advances-draft-seac-opinion-eu-wide-pfas-restriction-reach.png\",\"articleSection\":[\"Regulatory News\",\"European Union\"],\"inLanguage\":\"es\"},{\"@type\":\"WebPage\",\"@id\":\"https:\\\/\\\/regask.com\\\/echa-advances-draft-seac-opinion-on-eu-wide-pfas-restriction-under-reach\\\/\",\"url\":\"https:\\\/\\\/regask.com\\\/echa-advances-draft-seac-opinion-on-eu-wide-pfas-restriction-under-reach\\\/\",\"name\":\"ECHA Advances Draft SEAC Opinion on EU-Wide PFAS Regulation\",\"isPartOf\":{\"@id\":\"https:\\\/\\\/regask.com\\\/#website\"},\"primaryImageOfPage\":{\"@id\":\"https:\\\/\\\/regask.com\\\/echa-advances-draft-seac-opinion-on-eu-wide-pfas-restriction-under-reach\\\/#primaryimage\"},\"image\":{\"@id\":\"https:\\\/\\\/regask.com\\\/echa-advances-draft-seac-opinion-on-eu-wide-pfas-restriction-under-reach\\\/#primaryimage\"},\"thumbnailUrl\":\"https:\\\/\\\/regask.com\\\/wp-content\\\/uploads\\\/2026\\\/03\\\/echa-advances-draft-seac-opinion-eu-wide-pfas-restriction-reach.png\",\"datePublished\":\"2026-03-25T08:05:14+00:00\",\"description\":\"Discover the ECHA draft SEAC opinion on the proposed EU-wide PFAS restriction under REACH and its socio-economic impacts.\",\"inLanguage\":\"es\",\"potentialAction\":[{\"@type\":\"ReadAction\",\"target\":[\"https:\\\/\\\/regask.com\\\/echa-advances-draft-seac-opinion-on-eu-wide-pfas-restriction-under-reach\\\/\"]}]},{\"@type\":\"ImageObject\",\"inLanguage\":\"es\",\"@id\":\"https:\\\/\\\/regask.com\\\/echa-advances-draft-seac-opinion-on-eu-wide-pfas-restriction-under-reach\\\/#primaryimage\",\"url\":\"https:\\\/\\\/regask.com\\\/wp-content\\\/uploads\\\/2026\\\/03\\\/echa-advances-draft-seac-opinion-eu-wide-pfas-restriction-reach.png\",\"contentUrl\":\"https:\\\/\\\/regask.com\\\/wp-content\\\/uploads\\\/2026\\\/03\\\/echa-advances-draft-seac-opinion-eu-wide-pfas-restriction-reach.png\",\"width\":800,\"height\":600,\"caption\":\"Echa Advances Draft Seac Opinion Eu Wide Pfas Restriction Reach\"},{\"@type\":\"WebSite\",\"@id\":\"https:\\\/\\\/regask.com\\\/#website\",\"url\":\"https:\\\/\\\/regask.com\\\/\",\"name\":\"RegASK\",\"description\":\"Empowering Smarter Regulatory Decisions\",\"publisher\":{\"@id\":\"https:\\\/\\\/regask.com\\\/#organization\"},\"potentialAction\":[{\"@type\":\"SearchAction\",\"target\":{\"@type\":\"EntryPoint\",\"urlTemplate\":\"https:\\\/\\\/regask.com\\\/?s={search_term_string}\"},\"query-input\":{\"@type\":\"PropertyValueSpecification\",\"valueRequired\":true,\"valueName\":\"search_term_string\"}}],\"inLanguage\":\"es\"},{\"@type\":\"Organization\",\"@id\":\"https:\\\/\\\/regask.com\\\/#organization\",\"name\":\"RegASK\",\"url\":\"https:\\\/\\\/regask.com\\\/\",\"logo\":{\"@type\":\"ImageObject\",\"inLanguage\":\"es\",\"@id\":\"https:\\\/\\\/regask.com\\\/#\\\/schema\\\/logo\\\/image\\\/\",\"url\":\"https:\\\/\\\/regask.com\\\/wp-content\\\/uploads\\\/2024\\\/10\\\/RegASK-Logo-Dark-Round.png\",\"contentUrl\":\"https:\\\/\\\/regask.com\\\/wp-content\\\/uploads\\\/2024\\\/10\\\/RegASK-Logo-Dark-Round.png\",\"width\":401,\"height\":401,\"caption\":\"RegASK\"},\"image\":{\"@id\":\"https:\\\/\\\/regask.com\\\/#\\\/schema\\\/logo\\\/image\\\/\"},\"sameAs\":[\"https:\\\/\\\/www.facebook.com\\\/RegASKRegulatoryAffairs\\\/\",\"https:\\\/\\\/x.com\\\/ASKRegASK\",\"https:\\\/\\\/www.linkedin.com\\\/company\\\/RegASK\\\/\",\"https:\\\/\\\/www.youtube.com\\\/playlist?list=PL6yPC6gFqelkHbOeyUVKjtHOZXZ2LQbJd\"]},{\"@type\":\"Person\",\"@id\":\"https:\\\/\\\/regask.com\\\/#\\\/schema\\\/person\\\/3a8aaee2c7585284f97ec9e038e36b65\",\"name\":\"Hannah Nordin\",\"sameAs\":[\"https:\\\/\\\/regask.com\"]}]}<\/script>\n<!-- \/ Yoast SEO Premium plugin. -->","yoast_head_json":{"title":"La ECHA impulsa el proyecto de dictamen del SEAC sobre el Reglamento de la UE relativo a las sustancias PFAS.","description":"Descubra el borrador del dictamen del Comit\u00e9 Asesor Econ\u00f3mico y Social (SEAC) de la ECHA sobre la propuesta de restricci\u00f3n de las sustancias PFAS en toda la UE en el marco del reglamento REACH y sus repercusiones socioecon\u00f3micas.","robots":{"index":"index","follow":"follow","max-snippet":"max-snippet:-1","max-image-preview":"max-image-preview:large","max-video-preview":"max-video-preview:-1"},"canonical":"https:\/\/regask.com\/es\/echa-presenta-un-borrador-de-dictamen-de-la-seac-sobre-la-restriccion-de-pfas-en-toda-la-ue-que-esta-al-alcance\/","og_locale":"es_ES","og_type":"article","og_title":"ECHA Advances Draft SEAC Opinion on EU-Wide PFAS Restriction Under REACH","og_description":"Discover the ECHA draft SEAC opinion on the proposed EU-wide PFAS restriction under REACH and its socio-economic impacts.","og_url":"https:\/\/regask.com\/es\/echa-presenta-un-borrador-de-dictamen-de-la-seac-sobre-la-restriccion-de-pfas-en-toda-la-ue-que-esta-al-alcance\/","og_site_name":"RegASK","article_publisher":"https:\/\/www.facebook.com\/RegASKRegulatoryAffairs\/","article_published_time":"2026-03-25T08:05:14+00:00","og_image":[{"width":800,"height":600,"url":"https:\/\/regask.com\/wp-content\/uploads\/2026\/03\/echa-advances-draft-seac-opinion-eu-wide-pfas-restriction-reach.png","type":"image\/png"}],"author":"Hannah Nordin","twitter_card":"summary_large_image","twitter_creator":"@ASKRegASK","twitter_site":"@ASKRegASK","twitter_misc":{"Written by":"Hannah Nordin","Est. reading time":"4 minutos"},"schema":{"@context":"https:\/\/schema.org","@graph":[{"@type":"Article","@id":"https:\/\/regask.com\/echa-advances-draft-seac-opinion-on-eu-wide-pfas-restriction-under-reach\/#article","isPartOf":{"@id":"https:\/\/regask.com\/echa-advances-draft-seac-opinion-on-eu-wide-pfas-restriction-under-reach\/"},"author":{"name":"Hannah Nordin","@id":"https:\/\/regask.com\/#\/schema\/person\/3a8aaee2c7585284f97ec9e038e36b65"},"headline":"ECHA Advances Draft SEAC Opinion on EU-Wide PFAS Restri&hellip;","datePublished":"2026-03-25T08:05:14+00:00","mainEntityOfPage":{"@id":"https:\/\/regask.com\/echa-advances-draft-seac-opinion-on-eu-wide-pfas-restriction-under-reach\/"},"wordCount":715,"publisher":{"@id":"https:\/\/regask.com\/#organization"},"image":{"@id":"https:\/\/regask.com\/echa-advances-draft-seac-opinion-on-eu-wide-pfas-restriction-under-reach\/#primaryimage"},"thumbnailUrl":"https:\/\/regask.com\/wp-content\/uploads\/2026\/03\/echa-advances-draft-seac-opinion-eu-wide-pfas-restriction-reach.png","articleSection":["Regulatory News","European Union"],"inLanguage":"es"},{"@type":"WebPage","@id":"https:\/\/regask.com\/echa-advances-draft-seac-opinion-on-eu-wide-pfas-restriction-under-reach\/","url":"https:\/\/regask.com\/echa-advances-draft-seac-opinion-on-eu-wide-pfas-restriction-under-reach\/","name":"La ECHA impulsa el proyecto de dictamen del SEAC sobre el Reglamento de la UE relativo a las sustancias PFAS.","isPartOf":{"@id":"https:\/\/regask.com\/#website"},"primaryImageOfPage":{"@id":"https:\/\/regask.com\/echa-advances-draft-seac-opinion-on-eu-wide-pfas-restriction-under-reach\/#primaryimage"},"image":{"@id":"https:\/\/regask.com\/echa-advances-draft-seac-opinion-on-eu-wide-pfas-restriction-under-reach\/#primaryimage"},"thumbnailUrl":"https:\/\/regask.com\/wp-content\/uploads\/2026\/03\/echa-advances-draft-seac-opinion-eu-wide-pfas-restriction-reach.png","datePublished":"2026-03-25T08:05:14+00:00","description":"Descubra el borrador del dictamen del Comit\u00e9 Asesor Econ\u00f3mico y Social (SEAC) de la ECHA sobre la propuesta de restricci\u00f3n de las sustancias PFAS en toda la UE en el marco del reglamento REACH y sus repercusiones socioecon\u00f3micas.","inLanguage":"es","potentialAction":[{"@type":"ReadAction","target":["https:\/\/regask.com\/echa-advances-draft-seac-opinion-on-eu-wide-pfas-restriction-under-reach\/"]}]},{"@type":"ImageObject","inLanguage":"es","@id":"https:\/\/regask.com\/echa-advances-draft-seac-opinion-on-eu-wide-pfas-restriction-under-reach\/#primaryimage","url":"https:\/\/regask.com\/wp-content\/uploads\/2026\/03\/echa-advances-draft-seac-opinion-eu-wide-pfas-restriction-reach.png","contentUrl":"https:\/\/regask.com\/wp-content\/uploads\/2026\/03\/echa-advances-draft-seac-opinion-eu-wide-pfas-restriction-reach.png","width":800,"height":600,"caption":"Echa Advances Draft Seac Opinion Eu Wide Pfas Restriction Reach"},{"@type":"WebSite","@id":"https:\/\/regask.com\/#website","url":"https:\/\/regask.com\/","name":"RegASK","description":"Habilitando decisiones regulatorias m\u00e1s inteligentes","publisher":{"@id":"https:\/\/regask.com\/#organization"},"potentialAction":[{"@type":"SearchAction","target":{"@type":"EntryPoint","urlTemplate":"https:\/\/regask.com\/?s={search_term_string}"},"query-input":{"@type":"PropertyValueSpecification","valueRequired":true,"valueName":"search_term_string"}}],"inLanguage":"es"},{"@type":"Organization","@id":"https:\/\/regask.com\/#organization","name":"RegASK","url":"https:\/\/regask.com\/","logo":{"@type":"ImageObject","inLanguage":"es","@id":"https:\/\/regask.com\/#\/schema\/logo\/image\/","url":"https:\/\/regask.com\/wp-content\/uploads\/2024\/10\/RegASK-Logo-Dark-Round.png","contentUrl":"https:\/\/regask.com\/wp-content\/uploads\/2024\/10\/RegASK-Logo-Dark-Round.png","width":401,"height":401,"caption":"RegASK"},"image":{"@id":"https:\/\/regask.com\/#\/schema\/logo\/image\/"},"sameAs":["https:\/\/www.facebook.com\/RegASKRegulatoryAffairs\/","https:\/\/x.com\/ASKRegASK","https:\/\/www.linkedin.com\/company\/RegASK\/","https:\/\/www.youtube.com\/playlist?list=PL6yPC6gFqelkHbOeyUVKjtHOZXZ2LQbJd"]},{"@type":"Person","@id":"https:\/\/regask.com\/#\/schema\/person\/3a8aaee2c7585284f97ec9e038e36b65","name":"Hannah Nordin","sameAs":["https:\/\/regask.com"]}]}},"_links":{"self":[{"href":"https:\/\/regask.com\/es\/wp-json\/wp\/v2\/posts\/9710","targetHints":{"allow":["GET"]}}],"collection":[{"href":"https:\/\/regask.com\/es\/wp-json\/wp\/v2\/posts"}],"about":[{"href":"https:\/\/regask.com\/es\/wp-json\/wp\/v2\/types\/post"}],"author":[{"embeddable":true,"href":"https:\/\/regask.com\/es\/wp-json\/wp\/v2\/users\/32"}],"replies":[{"embeddable":true,"href":"https:\/\/regask.com\/es\/wp-json\/wp\/v2\/comments?post=9710"}],"version-history":[{"count":0,"href":"https:\/\/regask.com\/es\/wp-json\/wp\/v2\/posts\/9710\/revisions"}],"wp:featuredmedia":[{"embeddable":true,"href":"https:\/\/regask.com\/es\/wp-json\/wp\/v2\/media\/9711"}],"wp:attachment":[{"href":"https:\/\/regask.com\/es\/wp-json\/wp\/v2\/media?parent=9710"}],"wp:term":[{"taxonomy":"category","embeddable":true,"href":"https:\/\/regask.com\/es\/wp-json\/wp\/v2\/categories?post=9710"},{"taxonomy":"post_tag","embeddable":true,"href":"https:\/\/regask.com\/es\/wp-json\/wp\/v2\/tags?post=9710"}],"curies":[{"name":"Gracias","href":"https:\/\/api.w.org\/{rel}","templated":true}]}}