{"id":3964,"date":"2022-11-09T08:31:24","date_gmt":"2022-11-09T00:31:24","guid":{"rendered":"https:\/\/regask.com\/?p=3964"},"modified":"2024-10-26T03:04:23","modified_gmt":"2024-10-25T19:04:23","slug":"etiquetage-des-allergenes-des-noix-au-japon","status":"publish","type":"post","link":"https:\/\/regask.com\/fr\/japan-allergen-labeling-walnuts\/","title":{"rendered":"Le Japon sollicite les commentaires du public sur l\u2019\u00e9tiquetage r\u00e9vis\u00e9 des allergies\u2026"},"content":{"rendered":"<div>\n<div>Le 13 octobre 2022, <a href=\"https:\/\/www.caa.go.jp\/en\/\" target=\"_blank\" rel=\"noopener\">Agence japonaise de protection des consommateurs (CAA)<\/a> a publi\u00e9 le projet de r\u00e9vision des exigences en mati\u00e8re d&#039;\u00e9tiquetage des allerg\u00e8nes pour les noix. La CAA acceptera les commentaires en japonais jusqu&#039;au 12 novembre 2022.<\/div>\n<div><\/div>\n<div>Actuellement, les fabricants et les importateurs de produits alimentaires ne peuvent inclure les noix sur l&#039;\u00e9tiquette des allerg\u00e8nes que sur une base volontaire. Toutefois, cette option est fortement recommand\u00e9e par la CAA.<\/div>\n<\/div>\n<div class=\"slider-wrapper relative\" id=\"slider-433201196\" >\n    <div class=\"slider slider-nav-circle slider-nav-large slider-nav-dark slider-style-normal\"\n        data-flickity-options='{            \"cellAlign\": \"center\",            \"imagesLoaded\": true,            \"lazyLoad\": 1,            \"freeScroll\": false,            \"wrapAround\": true,            \"autoPlay\": 4500,            \"pauseAutoPlayOnHover\" : true,            \"prevNextButtons\": true,            \"contain\" : true,            \"adaptiveHeight\" : true,            \"dragThreshold\" : 10,            \"percentPosition\": true,            \"pageDots\": false,            \"rightToLeft\": false,            \"draggable\": true,            \"selectedAttraction\": 0.1,            \"parallax\" : 0,            \"friction\": 0.6        }'\n        >\n        \n     <\/div>\n\n     <div class=\"loading-spin dark large centered\"><\/div>\n\n\t<\/div>\n\n\n\t<div id=\"gap-1122844703\" class=\"gap-element clearfix\" style=\"display:block; height:auto;\">\n\t\t\n<style>\n#gap-1122844703 {\n  padding-top: 40px;\n}\n<\/style>\n\t<\/div>\n\t\n\n\t<section class=\"section\" id=\"section_860192151\">\n\t\t<div class=\"section-bg fill\" >\n\t\t\t\t\t\t\t\t\t\n\t\t\t\n\n\t\t<\/div>\n\n\t\t\n\n\t\t<div class=\"section-content relative\">\n\t\t\t\n<div class=\"row\"  id=\"row-1986367125\">\n\n\t<div id=\"col-223300317\" class=\"col small-12 large-12\"  >\n\t\t\t\t<div class=\"col-inner\"  >\n\t\t\t\n\t\t\t\n\n\t<section class=\"section\" id=\"section_266026742\">\n\t\t<div class=\"section-bg fill\" >\n\t\t\t\t\t\t\t\t\t\n\t\t\t\n\n\t\t<\/div>\n\n\t\t\n\n\t\t<div class=\"section-content relative\">\n\t\t\t\n\n<div class=\"row\"  id=\"row-1360133395\">\n\n\n\t<div id=\"col-2021945273\" class=\"col small-12 large-12\"  >\n\t\t\t\t<div class=\"col-inner\"  >\n\t\t\t\n\t\t\t\n\n<h2>D\u00e9sol\u00e9, ce contenu premium est r\u00e9serv\u00e9 aux clients RegASK uniquement.<\/h2>\n<p>Vous souhaitez acc\u00e9der \u00e0 l&#039;int\u00e9gralit\u00e9 du contenu de l&#039;alerte ou parcourir toutes les actualit\u00e9s ?\u00a0<\/p>\n<div class=\"row\"  id=\"row-1906792418\">\n\n\n\t<div id=\"col-341567520\" class=\"col small-12 large-12\"  >\n\t\t\t\t<div class=\"col-inner\"  >\n\t\t\t\n\t\t\t\n\n<a href=\"https:\/\/app.RegASK.com\/#\/\" target=\"_blank\" class=\"button secondary is-outline\" rel=\"noopener\" >\n\t\t<span>Connexion client<\/span>\n\t<\/a>\n\n\n<a href=\"https:\/\/regask.com\/fr\/demander-une-demo\/\" class=\"button secondary lowercase\" style=\"border-radius:5px;\">\n\t\t<span>R\u00e9server une d\u00e9mo<\/span>\n\t<\/a>\n\n\n<a href=\"https:\/\/regask.com\/fr\/more-insights\/\" target=\"_blank\" class=\"button secondary is-outline\" rel=\"noopener\" >\n\t\t<span>Parcourir les actualit\u00e9s<\/span>\n\t<\/a>\n\n\n\n\t\t<\/div>\n\t\t\t\t\t<\/div>\n\n\t\n\n<\/div>\n\n\t\t<\/div>\n\t\t\t\t\t<\/div>\n\n\t\n\n<\/div>\n\n\t\t<\/div>\n\n\t\t\n<style>\n#section_266026742 {\n  padding-top: 30px;\n  padding-bottom: 30px;\n  background-color: rgb(255,255,255);\n}\n<\/style>\n\t<\/section>\n\t\n\t\t<\/div>\n\t\t\t\t\t<\/div>\n\n\t\n<\/div>\n\t\t<\/div>\n\n\t\t\n<style>\n#section_860192151 {\n  padding-top: 30px;\n  padding-bottom: 30px;\n  background-color: rgb(0, 49, 117);\n}\n<\/style>\n\t<\/section>\n\t\n\t<div id=\"gap-1632033672\" class=\"gap-element clearfix\" style=\"display:block; height:auto;\">\n\t\t\n<style>\n#gap-1632033672 {\n  padding-top: 60px;\n}\n<\/style>\n\t<\/div>\n\t\n<p>&nbsp;<\/p>","protected":false},"excerpt":{"rendered":"<p>On October 13, 2022, Japan\u2019s Consumer Affairs Agency (CAA) published the draft revision to allergy labeling requirements for walnuts. CAA will accept comments in Japanese through November 12, 2022. Currently, it is only voluntary for food manufacturers and importers to include walnuts on the allergens label. However, it is strongly recommended by the CAA. &nbsp;<\/p>","protected":false},"author":39,"featured_media":3688,"comment_status":"closed","ping_status":"closed","sticky":false,"template":"","format":"standard","meta":{"_acf_changed":false,"footnotes":""},"categories":[518,34],"tags":[40,56],"class_list":["post-3964","post","type-post","status-publish","format-standard","has-post-thumbnail","hentry","category-italy-regulations","category-food-beverage-insights","tag-latest-insights","tag-premium-news"],"acf":[],"yoast_head":"<!-- This site is optimized with the Yoast SEO Premium plugin v27.3 (Yoast SEO v27.5) - https:\/\/yoast.com\/product\/yoast-seo-premium-wordpress\/ -->\n<title>Japan: Walnut Allergen Labeling | RegASK<\/title>\n<meta name=\"description\" content=\"Japan seeks public comment on revised allergen labeling for walnuts. Stay updated with RegASK.\" \/>\n<meta name=\"robots\" content=\"index, follow, max-snippet:-1, max-image-preview:large, max-video-preview:-1\" \/>\n<link rel=\"canonical\" href=\"https:\/\/regask.com\/fr\/etiquetage-des-allergenes-des-noix-au-japon\/\" \/>\n<meta property=\"og:locale\" content=\"fr_FR\" \/>\n<meta property=\"og:type\" content=\"article\" \/>\n<meta property=\"og:title\" content=\"Japan Seeks Public Comment on Revised Allergy Labeling for Walnuts\" \/>\n<meta property=\"og:description\" content=\"Japan seeks public comment on revised allergen labeling for walnuts. Stay updated with RegASK.\" \/>\n<meta property=\"og:url\" content=\"https:\/\/regask.com\/fr\/etiquetage-des-allergenes-des-noix-au-japon\/\" \/>\n<meta property=\"og:site_name\" content=\"RegASK\" \/>\n<meta property=\"article:publisher\" content=\"https:\/\/www.facebook.com\/RegASKRegulatoryAffairs\/\" \/>\n<meta property=\"article:published_time\" content=\"2022-11-09T00:31:24+00:00\" \/>\n<meta property=\"article:modified_time\" content=\"2024-10-25T19:04:23+00:00\" \/>\n<meta property=\"og:image\" content=\"https:\/\/regask.com\/wp-content\/uploads\/2022\/07\/Food-Allergy-Japan-to-Require-Mandatory-Allergy-Labeling-for-Walnuts.png\" \/>\n\t<meta property=\"og:image:width\" content=\"331\" \/>\n\t<meta property=\"og:image:height\" content=\"301\" \/>\n\t<meta property=\"og:image:type\" content=\"image\/png\" \/>\n<meta name=\"author\" content=\"Benoit Trouwaert\" \/>\n<meta name=\"twitter:card\" content=\"summary_large_image\" \/>\n<meta name=\"twitter:creator\" content=\"@ASKRegASK\" \/>\n<meta name=\"twitter:site\" content=\"@ASKRegASK\" \/>\n<meta name=\"twitter:label1\" content=\"Written by\" \/>\n\t<meta name=\"twitter:data1\" content=\"Benoit Trouwaert\" \/>\n\t<meta name=\"twitter:label2\" content=\"Est. reading time\" \/>\n\t<meta name=\"twitter:data2\" content=\"1 minute\" \/>\n<script type=\"application\/ld+json\" class=\"yoast-schema-graph\">{\"@context\":\"https:\\\/\\\/schema.org\",\"@graph\":[{\"@type\":\"Article\",\"@id\":\"https:\\\/\\\/regask.com\\\/japan-allergen-labeling-walnuts\\\/#article\",\"isPartOf\":{\"@id\":\"https:\\\/\\\/regask.com\\\/japan-allergen-labeling-walnuts\\\/\"},\"author\":{\"name\":\"Benoit Trouwaert\",\"@id\":\"https:\\\/\\\/regask.com\\\/#\\\/schema\\\/person\\\/c1d261e8dcf7b1c30b2c4f2c119df42d\"},\"headline\":\"Japan Seeks Public Comment on Revised Allergy Labeling &hellip;\",\"datePublished\":\"2022-11-09T00:31:24+00:00\",\"dateModified\":\"2024-10-25T19:04:23+00:00\",\"mainEntityOfPage\":{\"@id\":\"https:\\\/\\\/regask.com\\\/japan-allergen-labeling-walnuts\\\/\"},\"wordCount\":91,\"publisher\":{\"@id\":\"https:\\\/\\\/regask.com\\\/#organization\"},\"image\":{\"@id\":\"https:\\\/\\\/regask.com\\\/japan-allergen-labeling-walnuts\\\/#primaryimage\"},\"thumbnailUrl\":\"https:\\\/\\\/regask.com\\\/wp-content\\\/uploads\\\/2022\\\/07\\\/Food-Allergy-Japan-to-Require-Mandatory-Allergy-Labeling-for-Walnuts.png\",\"keywords\":[\"Latest Insights\",\"Premium News\"],\"articleSection\":[\"Italy\",\"Food and Nutrition\"],\"inLanguage\":\"fr-FR\"},{\"@type\":\"WebPage\",\"@id\":\"https:\\\/\\\/regask.com\\\/japan-allergen-labeling-walnuts\\\/\",\"url\":\"https:\\\/\\\/regask.com\\\/japan-allergen-labeling-walnuts\\\/\",\"name\":\"Japan: Walnut Allergen Labeling | RegASK\",\"isPartOf\":{\"@id\":\"https:\\\/\\\/regask.com\\\/#website\"},\"primaryImageOfPage\":{\"@id\":\"https:\\\/\\\/regask.com\\\/japan-allergen-labeling-walnuts\\\/#primaryimage\"},\"image\":{\"@id\":\"https:\\\/\\\/regask.com\\\/japan-allergen-labeling-walnuts\\\/#primaryimage\"},\"thumbnailUrl\":\"https:\\\/\\\/regask.com\\\/wp-content\\\/uploads\\\/2022\\\/07\\\/Food-Allergy-Japan-to-Require-Mandatory-Allergy-Labeling-for-Walnuts.png\",\"datePublished\":\"2022-11-09T00:31:24+00:00\",\"dateModified\":\"2024-10-25T19:04:23+00:00\",\"description\":\"Japan seeks public comment on revised allergen labeling for walnuts. Stay updated with RegASK.\",\"inLanguage\":\"fr-FR\",\"potentialAction\":[{\"@type\":\"ReadAction\",\"target\":[\"https:\\\/\\\/regask.com\\\/japan-allergen-labeling-walnuts\\\/\"]}]},{\"@type\":\"ImageObject\",\"inLanguage\":\"fr-FR\",\"@id\":\"https:\\\/\\\/regask.com\\\/japan-allergen-labeling-walnuts\\\/#primaryimage\",\"url\":\"https:\\\/\\\/regask.com\\\/wp-content\\\/uploads\\\/2022\\\/07\\\/Food-Allergy-Japan-to-Require-Mandatory-Allergy-Labeling-for-Walnuts.png\",\"contentUrl\":\"https:\\\/\\\/regask.com\\\/wp-content\\\/uploads\\\/2022\\\/07\\\/Food-Allergy-Japan-to-Require-Mandatory-Allergy-Labeling-for-Walnuts.png\",\"width\":331,\"height\":301,\"caption\":\"Food Allergy Japan To Require Mandatory Allergy Labeling For Walnuts\"},{\"@type\":\"WebSite\",\"@id\":\"https:\\\/\\\/regask.com\\\/#website\",\"url\":\"https:\\\/\\\/regask.com\\\/\",\"name\":\"RegASK\",\"description\":\"Empowering Smarter Regulatory Decisions\",\"publisher\":{\"@id\":\"https:\\\/\\\/regask.com\\\/#organization\"},\"potentialAction\":[{\"@type\":\"SearchAction\",\"target\":{\"@type\":\"EntryPoint\",\"urlTemplate\":\"https:\\\/\\\/regask.com\\\/?s={search_term_string}\"},\"query-input\":{\"@type\":\"PropertyValueSpecification\",\"valueRequired\":true,\"valueName\":\"search_term_string\"}}],\"inLanguage\":\"fr-FR\"},{\"@type\":\"Organization\",\"@id\":\"https:\\\/\\\/regask.com\\\/#organization\",\"name\":\"RegASK\",\"url\":\"https:\\\/\\\/regask.com\\\/\",\"logo\":{\"@type\":\"ImageObject\",\"inLanguage\":\"fr-FR\",\"@id\":\"https:\\\/\\\/regask.com\\\/#\\\/schema\\\/logo\\\/image\\\/\",\"url\":\"https:\\\/\\\/regask.com\\\/wp-content\\\/uploads\\\/2024\\\/10\\\/RegASK-Logo-Dark-Round.png\",\"contentUrl\":\"https:\\\/\\\/regask.com\\\/wp-content\\\/uploads\\\/2024\\\/10\\\/RegASK-Logo-Dark-Round.png\",\"width\":401,\"height\":401,\"caption\":\"RegASK\"},\"image\":{\"@id\":\"https:\\\/\\\/regask.com\\\/#\\\/schema\\\/logo\\\/image\\\/\"},\"sameAs\":[\"https:\\\/\\\/www.facebook.com\\\/RegASKRegulatoryAffairs\\\/\",\"https:\\\/\\\/x.com\\\/ASKRegASK\",\"https:\\\/\\\/www.linkedin.com\\\/company\\\/RegASK\\\/\",\"https:\\\/\\\/www.youtube.com\\\/@RegASK\"]},{\"@type\":\"Person\",\"@id\":\"https:\\\/\\\/regask.com\\\/#\\\/schema\\\/person\\\/c1d261e8dcf7b1c30b2c4f2c119df42d\",\"name\":\"Benoit Trouwaert\"}]}<\/script>\n<!-- \/ Yoast SEO Premium plugin. -->","yoast_head_json":{"title":"Japon\u00a0: \u00c9tiquetage des allerg\u00e8nes de noix | RegASK","description":"Le Japon sollicite l&#039;avis du public sur la r\u00e9vision de l&#039;\u00e9tiquetage des allerg\u00e8nes pour les noix. Suivez l&#039;actualit\u00e9 avec RegASK.","robots":{"index":"index","follow":"follow","max-snippet":"max-snippet:-1","max-image-preview":"max-image-preview:large","max-video-preview":"max-video-preview:-1"},"canonical":"https:\/\/regask.com\/fr\/etiquetage-des-allergenes-des-noix-au-japon\/","og_locale":"fr_FR","og_type":"article","og_title":"Japan Seeks Public Comment on Revised Allergy Labeling for Walnuts","og_description":"Japan seeks public comment on revised allergen labeling for walnuts. Stay updated with RegASK.","og_url":"https:\/\/regask.com\/fr\/etiquetage-des-allergenes-des-noix-au-japon\/","og_site_name":"RegASK","article_publisher":"https:\/\/www.facebook.com\/RegASKRegulatoryAffairs\/","article_published_time":"2022-11-09T00:31:24+00:00","article_modified_time":"2024-10-25T19:04:23+00:00","og_image":[{"width":331,"height":301,"url":"https:\/\/regask.com\/wp-content\/uploads\/2022\/07\/Food-Allergy-Japan-to-Require-Mandatory-Allergy-Labeling-for-Walnuts.png","type":"image\/png"}],"author":"Benoit Trouwaert","twitter_card":"summary_large_image","twitter_creator":"@ASKRegASK","twitter_site":"@ASKRegASK","twitter_misc":{"Written by":"Benoit Trouwaert","Est. reading time":"1 minute"},"schema":{"@context":"https:\/\/schema.org","@graph":[{"@type":"Article","@id":"https:\/\/regask.com\/japan-allergen-labeling-walnuts\/#article","isPartOf":{"@id":"https:\/\/regask.com\/japan-allergen-labeling-walnuts\/"},"author":{"name":"Benoit Trouwaert","@id":"https:\/\/regask.com\/#\/schema\/person\/c1d261e8dcf7b1c30b2c4f2c119df42d"},"headline":"Japan Seeks Public Comment on Revised Allergy Labeling &hellip;","datePublished":"2022-11-09T00:31:24+00:00","dateModified":"2024-10-25T19:04:23+00:00","mainEntityOfPage":{"@id":"https:\/\/regask.com\/japan-allergen-labeling-walnuts\/"},"wordCount":91,"publisher":{"@id":"https:\/\/regask.com\/#organization"},"image":{"@id":"https:\/\/regask.com\/japan-allergen-labeling-walnuts\/#primaryimage"},"thumbnailUrl":"https:\/\/regask.com\/wp-content\/uploads\/2022\/07\/Food-Allergy-Japan-to-Require-Mandatory-Allergy-Labeling-for-Walnuts.png","keywords":["Latest Insights","Premium News"],"articleSection":["Italy","Food and Nutrition"],"inLanguage":"fr-FR"},{"@type":"WebPage","@id":"https:\/\/regask.com\/japan-allergen-labeling-walnuts\/","url":"https:\/\/regask.com\/japan-allergen-labeling-walnuts\/","name":"Japon\u00a0: \u00c9tiquetage des allerg\u00e8nes de noix | RegASK","isPartOf":{"@id":"https:\/\/regask.com\/#website"},"primaryImageOfPage":{"@id":"https:\/\/regask.com\/japan-allergen-labeling-walnuts\/#primaryimage"},"image":{"@id":"https:\/\/regask.com\/japan-allergen-labeling-walnuts\/#primaryimage"},"thumbnailUrl":"https:\/\/regask.com\/wp-content\/uploads\/2022\/07\/Food-Allergy-Japan-to-Require-Mandatory-Allergy-Labeling-for-Walnuts.png","datePublished":"2022-11-09T00:31:24+00:00","dateModified":"2024-10-25T19:04:23+00:00","description":"Le Japon sollicite l&#039;avis du public sur la r\u00e9vision de l&#039;\u00e9tiquetage des allerg\u00e8nes pour les noix. Suivez l&#039;actualit\u00e9 avec RegASK.","inLanguage":"fr-FR","potentialAction":[{"@type":"ReadAction","target":["https:\/\/regask.com\/japan-allergen-labeling-walnuts\/"]}]},{"@type":"ImageObject","inLanguage":"fr-FR","@id":"https:\/\/regask.com\/japan-allergen-labeling-walnuts\/#primaryimage","url":"https:\/\/regask.com\/wp-content\/uploads\/2022\/07\/Food-Allergy-Japan-to-Require-Mandatory-Allergy-Labeling-for-Walnuts.png","contentUrl":"https:\/\/regask.com\/wp-content\/uploads\/2022\/07\/Food-Allergy-Japan-to-Require-Mandatory-Allergy-Labeling-for-Walnuts.png","width":331,"height":301,"caption":"Food Allergy Japan To Require Mandatory Allergy Labeling For Walnuts"},{"@type":"WebSite","@id":"https:\/\/regask.com\/#website","url":"https:\/\/regask.com\/","name":"RegASK","description":"Favoriser des d\u00e9cisions r\u00e9glementaires plus intelligentes","publisher":{"@id":"https:\/\/regask.com\/#organization"},"potentialAction":[{"@type":"SearchAction","target":{"@type":"EntryPoint","urlTemplate":"https:\/\/regask.com\/?s={search_term_string}"},"query-input":{"@type":"PropertyValueSpecification","valueRequired":true,"valueName":"search_term_string"}}],"inLanguage":"fr-FR"},{"@type":"Organization","@id":"https:\/\/regask.com\/#organization","name":"RegASK","url":"https:\/\/regask.com\/","logo":{"@type":"ImageObject","inLanguage":"fr-FR","@id":"https:\/\/regask.com\/#\/schema\/logo\/image\/","url":"https:\/\/regask.com\/wp-content\/uploads\/2024\/10\/RegASK-Logo-Dark-Round.png","contentUrl":"https:\/\/regask.com\/wp-content\/uploads\/2024\/10\/RegASK-Logo-Dark-Round.png","width":401,"height":401,"caption":"RegASK"},"image":{"@id":"https:\/\/regask.com\/#\/schema\/logo\/image\/"},"sameAs":["https:\/\/www.facebook.com\/RegASKRegulatoryAffairs\/","https:\/\/x.com\/ASKRegASK","https:\/\/www.linkedin.com\/company\/RegASK\/","https:\/\/www.youtube.com\/@RegASK"]},{"@type":"Person","@id":"https:\/\/regask.com\/#\/schema\/person\/c1d261e8dcf7b1c30b2c4f2c119df42d","name":"Beno\u00eet Trouwaert"}]}},"_links":{"self":[{"href":"https:\/\/regask.com\/fr\/wp-json\/wp\/v2\/posts\/3964","targetHints":{"allow":["GET"]}}],"collection":[{"href":"https:\/\/regask.com\/fr\/wp-json\/wp\/v2\/posts"}],"about":[{"href":"https:\/\/regask.com\/fr\/wp-json\/wp\/v2\/types\/post"}],"author":[{"embeddable":true,"href":"https:\/\/regask.com\/fr\/wp-json\/wp\/v2\/users\/39"}],"replies":[{"embeddable":true,"href":"https:\/\/regask.com\/fr\/wp-json\/wp\/v2\/comments?post=3964"}],"version-history":[{"count":0,"href":"https:\/\/regask.com\/fr\/wp-json\/wp\/v2\/posts\/3964\/revisions"}],"wp:featuredmedia":[{"embeddable":true,"href":"https:\/\/regask.com\/fr\/wp-json\/wp\/v2\/media\/3688"}],"wp:attachment":[{"href":"https:\/\/regask.com\/fr\/wp-json\/wp\/v2\/media?parent=3964"}],"wp:term":[{"taxonomy":"category","embeddable":true,"href":"https:\/\/regask.com\/fr\/wp-json\/wp\/v2\/categories?post=3964"},{"taxonomy":"post_tag","embeddable":true,"href":"https:\/\/regask.com\/fr\/wp-json\/wp\/v2\/tags?post=3964"}],"curies":[{"name":"wp","href":"https:\/\/api.w.org\/{rel}","templated":true}]}}