{"id":4073,"date":"2023-01-04T09:40:45","date_gmt":"2023-01-04T01:40:45","guid":{"rendered":"https:\/\/regask.com\/?p=4073"},"modified":"2024-10-26T06:26:53","modified_gmt":"2024-10-25T22:26:53","slug":"interdiction-des-pfa-au-danemark","status":"publish","type":"post","link":"https:\/\/regask.com\/fr\/denmark-pfas-ban\/","title":{"rendered":"Danemark | 50 000 signatures : Cr\u00e9er une interdiction nationale de la prostitution"},"content":{"rendered":"<div>\n<div class=\"ewa-rteLine\">\n<div><a href=\"https:\/\/commission.europa.eu\/index_en\" target=\"_blank\" rel=\"noopener\">La Commission europ\u00e9enne<\/a> L&#039;Allemagne a annonc\u00e9 l&#039;interdiction des PFAS, mais on ne sait pas encore si elle interviendra et quand. Dans le pire des cas, cela peut prendre des ann\u00e9es.<\/div>\n<div><\/div>\n<div>En quelques mois, plus de 50 000 Danois ont manifest\u00e9 leur volont\u00e9 d&#039;\u00e9liminer au plus vite ces substances nocives de la vie quotidienne des consommateurs en signant la proposition du Conseil des consommateurs T\u00e6nk visant \u00e0 interdire ces substances au niveau national. Une proposition qui est \u00e9galement soutenue par six des plus grands chercheurs du pays dans ce domaine.<\/div>\n<\/div>\n<\/div>\n<div class=\"slider-wrapper relative\" id=\"slider-254830039\" >\n    <div class=\"slider slider-nav-circle slider-nav-large slider-nav-dark slider-style-normal\"\n        data-flickity-options='{            \"cellAlign\": \"center\",            \"imagesLoaded\": true,            \"lazyLoad\": 1,            \"freeScroll\": false,            \"wrapAround\": true,            \"autoPlay\": 4500,            \"pauseAutoPlayOnHover\" : true,            \"prevNextButtons\": true,            \"contain\" : true,            \"adaptiveHeight\" : true,            \"dragThreshold\" : 10,            \"percentPosition\": true,            \"pageDots\": false,            \"rightToLeft\": false,            \"draggable\": true,            \"selectedAttraction\": 0.1,            \"parallax\" : 0,            \"friction\": 0.6        }'\n        >\n        \n     <\/div>\n\n     <div class=\"loading-spin dark large centered\"><\/div>\n\n\t<\/div>\n\n\n\t<div id=\"gap-421751330\" class=\"gap-element clearfix\" style=\"display:block; height:auto;\">\n\t\t\n<style>\n#gap-421751330 {\n  padding-top: 40px;\n}\n<\/style>\n\t<\/div>\n\t\n\n\t<section class=\"section\" id=\"section_181295947\">\n\t\t<div class=\"section-bg fill\" >\n\t\t\t\t\t\t\t\t\t\n\t\t\t\n\n\t\t<\/div>\n\n\t\t\n\n\t\t<div class=\"section-content relative\">\n\t\t\t\n<div class=\"row\"  id=\"row-805053575\">\n\n\t<div id=\"col-1872188903\" class=\"col small-12 large-12\"  >\n\t\t\t\t<div class=\"col-inner\"  >\n\t\t\t\n\t\t\t\n\n\t<section class=\"section\" id=\"section_1618645389\">\n\t\t<div class=\"section-bg fill\" >\n\t\t\t\t\t\t\t\t\t\n\t\t\t\n\n\t\t<\/div>\n\n\t\t\n\n\t\t<div class=\"section-content relative\">\n\t\t\t\n\n<div class=\"row\"  id=\"row-599046363\">\n\n\n\t<div id=\"col-111731626\" class=\"col small-12 large-12\"  >\n\t\t\t\t<div class=\"col-inner\"  >\n\t\t\t\n\t\t\t\n\n<h2>D\u00e9sol\u00e9, ce contenu premium est r\u00e9serv\u00e9 aux clients RegASK uniquement.<\/h2>\n<p>Vous souhaitez acc\u00e9der \u00e0 l&#039;int\u00e9gralit\u00e9 du contenu de l&#039;alerte ou parcourir toutes les actualit\u00e9s ?\u00a0<\/p>\n<div class=\"row\"  id=\"row-1352262575\">\n\n\n\t<div id=\"col-1125733944\" class=\"col small-12 large-12\"  >\n\t\t\t\t<div class=\"col-inner\"  >\n\t\t\t\n\t\t\t\n\n<a href=\"https:\/\/app.RegASK.com\/#\/\" target=\"_blank\" class=\"button secondary is-outline\" rel=\"noopener\" >\n\t\t<span>Connexion client<\/span>\n\t<\/a>\n\n\n<a href=\"https:\/\/regask.com\/fr\/demander-une-demo\/\" class=\"button secondary lowercase\" style=\"border-radius:5px;\">\n\t\t<span>R\u00e9server une d\u00e9mo<\/span>\n\t<\/a>\n\n\n<a href=\"https:\/\/regask.com\/fr\/more-insights\/\" target=\"_blank\" class=\"button secondary is-outline\" rel=\"noopener\" >\n\t\t<span>Parcourir les actualit\u00e9s<\/span>\n\t<\/a>\n\n\n\n\t\t<\/div>\n\t\t\t\t\t<\/div>\n\n\t\n\n<\/div>\n\n\t\t<\/div>\n\t\t\t\t\t<\/div>\n\n\t\n\n<\/div>\n\n\t\t<\/div>\n\n\t\t\n<style>\n#section_1618645389 {\n  padding-top: 30px;\n  padding-bottom: 30px;\n  background-color: rgb(255,255,255);\n}\n<\/style>\n\t<\/section>\n\t\n\t\t<\/div>\n\t\t\t\t\t<\/div>\n\n\t\n<\/div>\n\t\t<\/div>\n\n\t\t\n<style>\n#section_181295947 {\n  padding-top: 30px;\n  padding-bottom: 30px;\n  background-color: rgb(0, 49, 117);\n}\n<\/style>\n\t<\/section>\n\t\n\t<div id=\"gap-1756500056\" class=\"gap-element clearfix\" style=\"display:block; height:auto;\">\n\t\t\n<style>\n#gap-1756500056 {\n  padding-top: 60px;\n}\n<\/style>\n\t<\/div>","protected":false},"excerpt":{"rendered":"<p>The EU Commission has announced a ban on PFAS, but it is not yet known if and when, if any, it will come. In the worst case, it can take years. In just a few months, over 50,000 Danes have shown their support for getting the harmful substances out of consumers&#8217; everyday lives as soon&#8230;<\/p>","protected":false},"author":39,"featured_media":3049,"comment_status":"closed","ping_status":"closed","sticky":false,"template":"","format":"standard","meta":{"_acf_changed":false,"footnotes":""},"categories":[37,548],"tags":[56,40],"class_list":["post-4073","post","type-post","status-publish","format-standard","has-post-thumbnail","hentry","category-personal-care-cosmetics","category-denmark-regulations","tag-premium-news","tag-latest-insights"],"acf":[],"yoast_head":"<!-- This site is optimized with the Yoast SEO Premium plugin v27.3 (Yoast SEO v27.5) - https:\/\/yoast.com\/product\/yoast-seo-premium-wordpress\/ -->\n<title>Denmark: National Ban on PFAS | RegASK<\/title>\n<meta name=\"description\" content=\"50,000 signatures lead to a national ban on PFAS in Denmark. Stay informed on the latest regulatory actions with RegASK.\" \/>\n<meta name=\"robots\" content=\"index, follow, max-snippet:-1, max-image-preview:large, max-video-preview:-1\" \/>\n<link rel=\"canonical\" href=\"https:\/\/regask.com\/fr\/interdiction-des-pfa-au-danemark\/\" \/>\n<meta property=\"og:locale\" content=\"fr_FR\" \/>\n<meta property=\"og:type\" content=\"article\" \/>\n<meta property=\"og:title\" content=\"Denmark | 50,000 Signatures: Create a National Ban on PFAS\" \/>\n<meta property=\"og:description\" content=\"50,000 signatures lead to a national ban on PFAS in Denmark. Stay informed on the latest regulatory actions with RegASK.\" \/>\n<meta property=\"og:url\" content=\"https:\/\/regask.com\/fr\/interdiction-des-pfa-au-danemark\/\" \/>\n<meta property=\"og:site_name\" content=\"RegASK\" \/>\n<meta property=\"article:publisher\" content=\"https:\/\/www.facebook.com\/RegASKRegulatoryAffairs\/\" \/>\n<meta property=\"article:published_time\" content=\"2023-01-04T01:40:45+00:00\" \/>\n<meta property=\"article:modified_time\" content=\"2024-10-25T22:26:53+00:00\" \/>\n<meta property=\"og:image\" content=\"https:\/\/regask.com\/wp-content\/uploads\/2021\/12\/ban-cmr-cosmetics-substances.png\" \/>\n\t<meta property=\"og:image:width\" content=\"689\" \/>\n\t<meta property=\"og:image:height\" content=\"626\" \/>\n\t<meta property=\"og:image:type\" content=\"image\/png\" \/>\n<meta name=\"author\" content=\"Benoit Trouwaert\" \/>\n<meta name=\"twitter:card\" content=\"summary_large_image\" \/>\n<meta name=\"twitter:creator\" content=\"@ASKRegASK\" \/>\n<meta name=\"twitter:site\" content=\"@ASKRegASK\" \/>\n<meta name=\"twitter:label1\" content=\"Written by\" \/>\n\t<meta name=\"twitter:data1\" content=\"Benoit Trouwaert\" \/>\n\t<meta name=\"twitter:label2\" content=\"Est. reading time\" \/>\n\t<meta name=\"twitter:data2\" content=\"1 minute\" \/>\n<script type=\"application\/ld+json\" class=\"yoast-schema-graph\">{\"@context\":\"https:\\\/\\\/schema.org\",\"@graph\":[{\"@type\":\"Article\",\"@id\":\"https:\\\/\\\/regask.com\\\/denmark-pfas-ban\\\/#article\",\"isPartOf\":{\"@id\":\"https:\\\/\\\/regask.com\\\/denmark-pfas-ban\\\/\"},\"author\":{\"name\":\"Benoit Trouwaert\",\"@id\":\"https:\\\/\\\/regask.com\\\/#\\\/schema\\\/person\\\/c1d261e8dcf7b1c30b2c4f2c119df42d\"},\"headline\":\"Denmark | 50,000 Signatures: Create a National Ban on P&hellip;\",\"datePublished\":\"2023-01-04T01:40:45+00:00\",\"dateModified\":\"2024-10-25T22:26:53+00:00\",\"mainEntityOfPage\":{\"@id\":\"https:\\\/\\\/regask.com\\\/denmark-pfas-ban\\\/\"},\"wordCount\":123,\"publisher\":{\"@id\":\"https:\\\/\\\/regask.com\\\/#organization\"},\"image\":{\"@id\":\"https:\\\/\\\/regask.com\\\/denmark-pfas-ban\\\/#primaryimage\"},\"thumbnailUrl\":\"https:\\\/\\\/regask.com\\\/wp-content\\\/uploads\\\/2021\\\/12\\\/ban-cmr-cosmetics-substances.png\",\"keywords\":[\"Premium News\",\"Latest Insights\"],\"articleSection\":[\"Cosmetic and Personal Care\",\"Denmark\"],\"inLanguage\":\"fr-FR\"},{\"@type\":\"WebPage\",\"@id\":\"https:\\\/\\\/regask.com\\\/denmark-pfas-ban\\\/\",\"url\":\"https:\\\/\\\/regask.com\\\/denmark-pfas-ban\\\/\",\"name\":\"Denmark: National Ban on PFAS | RegASK\",\"isPartOf\":{\"@id\":\"https:\\\/\\\/regask.com\\\/#website\"},\"primaryImageOfPage\":{\"@id\":\"https:\\\/\\\/regask.com\\\/denmark-pfas-ban\\\/#primaryimage\"},\"image\":{\"@id\":\"https:\\\/\\\/regask.com\\\/denmark-pfas-ban\\\/#primaryimage\"},\"thumbnailUrl\":\"https:\\\/\\\/regask.com\\\/wp-content\\\/uploads\\\/2021\\\/12\\\/ban-cmr-cosmetics-substances.png\",\"datePublished\":\"2023-01-04T01:40:45+00:00\",\"dateModified\":\"2024-10-25T22:26:53+00:00\",\"description\":\"50,000 signatures lead to a national ban on PFAS in Denmark. Stay informed on the latest regulatory actions with RegASK.\",\"inLanguage\":\"fr-FR\",\"potentialAction\":[{\"@type\":\"ReadAction\",\"target\":[\"https:\\\/\\\/regask.com\\\/denmark-pfas-ban\\\/\"]}]},{\"@type\":\"ImageObject\",\"inLanguage\":\"fr-FR\",\"@id\":\"https:\\\/\\\/regask.com\\\/denmark-pfas-ban\\\/#primaryimage\",\"url\":\"https:\\\/\\\/regask.com\\\/wp-content\\\/uploads\\\/2021\\\/12\\\/ban-cmr-cosmetics-substances.png\",\"contentUrl\":\"https:\\\/\\\/regask.com\\\/wp-content\\\/uploads\\\/2021\\\/12\\\/ban-cmr-cosmetics-substances.png\",\"width\":689,\"height\":626,\"caption\":\"Ban Cmr Cosmetics Substances\"},{\"@type\":\"WebSite\",\"@id\":\"https:\\\/\\\/regask.com\\\/#website\",\"url\":\"https:\\\/\\\/regask.com\\\/\",\"name\":\"RegASK\",\"description\":\"Empowering Smarter Regulatory Decisions\",\"publisher\":{\"@id\":\"https:\\\/\\\/regask.com\\\/#organization\"},\"potentialAction\":[{\"@type\":\"SearchAction\",\"target\":{\"@type\":\"EntryPoint\",\"urlTemplate\":\"https:\\\/\\\/regask.com\\\/?s={search_term_string}\"},\"query-input\":{\"@type\":\"PropertyValueSpecification\",\"valueRequired\":true,\"valueName\":\"search_term_string\"}}],\"inLanguage\":\"fr-FR\"},{\"@type\":\"Organization\",\"@id\":\"https:\\\/\\\/regask.com\\\/#organization\",\"name\":\"RegASK\",\"url\":\"https:\\\/\\\/regask.com\\\/\",\"logo\":{\"@type\":\"ImageObject\",\"inLanguage\":\"fr-FR\",\"@id\":\"https:\\\/\\\/regask.com\\\/#\\\/schema\\\/logo\\\/image\\\/\",\"url\":\"https:\\\/\\\/regask.com\\\/wp-content\\\/uploads\\\/2024\\\/10\\\/RegASK-Logo-Dark-Round.png\",\"contentUrl\":\"https:\\\/\\\/regask.com\\\/wp-content\\\/uploads\\\/2024\\\/10\\\/RegASK-Logo-Dark-Round.png\",\"width\":401,\"height\":401,\"caption\":\"RegASK\"},\"image\":{\"@id\":\"https:\\\/\\\/regask.com\\\/#\\\/schema\\\/logo\\\/image\\\/\"},\"sameAs\":[\"https:\\\/\\\/www.facebook.com\\\/RegASKRegulatoryAffairs\\\/\",\"https:\\\/\\\/x.com\\\/ASKRegASK\",\"https:\\\/\\\/www.linkedin.com\\\/company\\\/RegASK\\\/\",\"https:\\\/\\\/www.youtube.com\\\/@RegASK\"]},{\"@type\":\"Person\",\"@id\":\"https:\\\/\\\/regask.com\\\/#\\\/schema\\\/person\\\/c1d261e8dcf7b1c30b2c4f2c119df42d\",\"name\":\"Benoit Trouwaert\"}]}<\/script>\n<!-- \/ Yoast SEO Premium plugin. -->","yoast_head_json":{"title":"Danemark\u00a0: interdiction nationale des PFAS | RegASK","description":"50\u00a0000 signatures m\u00e8nent \u00e0 l&#039;interdiction nationale des PFAS au Danemark. Restez inform\u00e9 des derni\u00e8res mesures r\u00e9glementaires avec RegASK.","robots":{"index":"index","follow":"follow","max-snippet":"max-snippet:-1","max-image-preview":"max-image-preview:large","max-video-preview":"max-video-preview:-1"},"canonical":"https:\/\/regask.com\/fr\/interdiction-des-pfa-au-danemark\/","og_locale":"fr_FR","og_type":"article","og_title":"Denmark | 50,000 Signatures: Create a National Ban on PFAS","og_description":"50,000 signatures lead to a national ban on PFAS in Denmark. Stay informed on the latest regulatory actions with RegASK.","og_url":"https:\/\/regask.com\/fr\/interdiction-des-pfa-au-danemark\/","og_site_name":"RegASK","article_publisher":"https:\/\/www.facebook.com\/RegASKRegulatoryAffairs\/","article_published_time":"2023-01-04T01:40:45+00:00","article_modified_time":"2024-10-25T22:26:53+00:00","og_image":[{"width":689,"height":626,"url":"https:\/\/regask.com\/wp-content\/uploads\/2021\/12\/ban-cmr-cosmetics-substances.png","type":"image\/png"}],"author":"Benoit Trouwaert","twitter_card":"summary_large_image","twitter_creator":"@ASKRegASK","twitter_site":"@ASKRegASK","twitter_misc":{"Written by":"Benoit Trouwaert","Est. reading time":"1 minute"},"schema":{"@context":"https:\/\/schema.org","@graph":[{"@type":"Article","@id":"https:\/\/regask.com\/denmark-pfas-ban\/#article","isPartOf":{"@id":"https:\/\/regask.com\/denmark-pfas-ban\/"},"author":{"name":"Benoit Trouwaert","@id":"https:\/\/regask.com\/#\/schema\/person\/c1d261e8dcf7b1c30b2c4f2c119df42d"},"headline":"Denmark | 50,000 Signatures: Create a National Ban on P&hellip;","datePublished":"2023-01-04T01:40:45+00:00","dateModified":"2024-10-25T22:26:53+00:00","mainEntityOfPage":{"@id":"https:\/\/regask.com\/denmark-pfas-ban\/"},"wordCount":123,"publisher":{"@id":"https:\/\/regask.com\/#organization"},"image":{"@id":"https:\/\/regask.com\/denmark-pfas-ban\/#primaryimage"},"thumbnailUrl":"https:\/\/regask.com\/wp-content\/uploads\/2021\/12\/ban-cmr-cosmetics-substances.png","keywords":["Premium News","Latest Insights"],"articleSection":["Cosmetic and Personal Care","Denmark"],"inLanguage":"fr-FR"},{"@type":"WebPage","@id":"https:\/\/regask.com\/denmark-pfas-ban\/","url":"https:\/\/regask.com\/denmark-pfas-ban\/","name":"Danemark\u00a0: interdiction nationale des PFAS | RegASK","isPartOf":{"@id":"https:\/\/regask.com\/#website"},"primaryImageOfPage":{"@id":"https:\/\/regask.com\/denmark-pfas-ban\/#primaryimage"},"image":{"@id":"https:\/\/regask.com\/denmark-pfas-ban\/#primaryimage"},"thumbnailUrl":"https:\/\/regask.com\/wp-content\/uploads\/2021\/12\/ban-cmr-cosmetics-substances.png","datePublished":"2023-01-04T01:40:45+00:00","dateModified":"2024-10-25T22:26:53+00:00","description":"50\u00a0000 signatures m\u00e8nent \u00e0 l&#039;interdiction nationale des PFAS au Danemark. Restez inform\u00e9 des derni\u00e8res mesures r\u00e9glementaires avec RegASK.","inLanguage":"fr-FR","potentialAction":[{"@type":"ReadAction","target":["https:\/\/regask.com\/denmark-pfas-ban\/"]}]},{"@type":"ImageObject","inLanguage":"fr-FR","@id":"https:\/\/regask.com\/denmark-pfas-ban\/#primaryimage","url":"https:\/\/regask.com\/wp-content\/uploads\/2021\/12\/ban-cmr-cosmetics-substances.png","contentUrl":"https:\/\/regask.com\/wp-content\/uploads\/2021\/12\/ban-cmr-cosmetics-substances.png","width":689,"height":626,"caption":"Ban Cmr Cosmetics Substances"},{"@type":"WebSite","@id":"https:\/\/regask.com\/#website","url":"https:\/\/regask.com\/","name":"RegASK","description":"Favoriser des d\u00e9cisions r\u00e9glementaires plus intelligentes","publisher":{"@id":"https:\/\/regask.com\/#organization"},"potentialAction":[{"@type":"SearchAction","target":{"@type":"EntryPoint","urlTemplate":"https:\/\/regask.com\/?s={search_term_string}"},"query-input":{"@type":"PropertyValueSpecification","valueRequired":true,"valueName":"search_term_string"}}],"inLanguage":"fr-FR"},{"@type":"Organization","@id":"https:\/\/regask.com\/#organization","name":"RegASK","url":"https:\/\/regask.com\/","logo":{"@type":"ImageObject","inLanguage":"fr-FR","@id":"https:\/\/regask.com\/#\/schema\/logo\/image\/","url":"https:\/\/regask.com\/wp-content\/uploads\/2024\/10\/RegASK-Logo-Dark-Round.png","contentUrl":"https:\/\/regask.com\/wp-content\/uploads\/2024\/10\/RegASK-Logo-Dark-Round.png","width":401,"height":401,"caption":"RegASK"},"image":{"@id":"https:\/\/regask.com\/#\/schema\/logo\/image\/"},"sameAs":["https:\/\/www.facebook.com\/RegASKRegulatoryAffairs\/","https:\/\/x.com\/ASKRegASK","https:\/\/www.linkedin.com\/company\/RegASK\/","https:\/\/www.youtube.com\/@RegASK"]},{"@type":"Person","@id":"https:\/\/regask.com\/#\/schema\/person\/c1d261e8dcf7b1c30b2c4f2c119df42d","name":"Beno\u00eet Trouwaert"}]}},"_links":{"self":[{"href":"https:\/\/regask.com\/fr\/wp-json\/wp\/v2\/posts\/4073","targetHints":{"allow":["GET"]}}],"collection":[{"href":"https:\/\/regask.com\/fr\/wp-json\/wp\/v2\/posts"}],"about":[{"href":"https:\/\/regask.com\/fr\/wp-json\/wp\/v2\/types\/post"}],"author":[{"embeddable":true,"href":"https:\/\/regask.com\/fr\/wp-json\/wp\/v2\/users\/39"}],"replies":[{"embeddable":true,"href":"https:\/\/regask.com\/fr\/wp-json\/wp\/v2\/comments?post=4073"}],"version-history":[{"count":0,"href":"https:\/\/regask.com\/fr\/wp-json\/wp\/v2\/posts\/4073\/revisions"}],"wp:featuredmedia":[{"embeddable":true,"href":"https:\/\/regask.com\/fr\/wp-json\/wp\/v2\/media\/3049"}],"wp:attachment":[{"href":"https:\/\/regask.com\/fr\/wp-json\/wp\/v2\/media?parent=4073"}],"wp:term":[{"taxonomy":"category","embeddable":true,"href":"https:\/\/regask.com\/fr\/wp-json\/wp\/v2\/categories?post=4073"},{"taxonomy":"post_tag","embeddable":true,"href":"https:\/\/regask.com\/fr\/wp-json\/wp\/v2\/tags?post=4073"}],"curies":[{"name":"wp","href":"https:\/\/api.w.org\/{rel}","templated":true}]}}