{"id":4603,"date":"2023-12-04T17:32:23","date_gmt":"2023-12-04T09:32:23","guid":{"rendered":"https:\/\/regask.com\/?p=4603"},"modified":"2024-10-26T02:55:16","modified_gmt":"2024-10-25T18:55:16","slug":"allemagne-bmel-lance-sa-strategie-bio-2030","status":"publish","type":"post","link":"https:\/\/regask.com\/fr\/germany-bmel-launches-organic-strategy-2030\/","title":{"rendered":"Allemagne BMEL lance sa strat\u00e9gie bio 2030"},"content":{"rendered":"<div class=\"ewa-rteLine\">\n<div class=\"ewa-rteLine\">\n<div class=\"ewa-rteLine\">\n<div class=\"ewa-rteLine\">\n<div class=\"ewa-rteLine\">\n<div class=\"ewa-rteLine\">Le ministre f\u00e9d\u00e9ral allemand de l&#039;Alimentation et de l&#039;Agriculture, Cem \u00d6zdemir, a d\u00e9voil\u00e9 la \u00ab Strat\u00e9gie nationale pour 30% d&#039;agriculture et d&#039;industrie alimentaire biologiques d&#039;ici 2030 \u00bb, ou \u00ab Strat\u00e9gie biologique 2030 \u00bb en abr\u00e9g\u00e9, visant au moins 30% de terres biologiques d&#039;ici 2030.<\/div>\n<\/div>\n<div class=\"ewa-rteLine\"><\/div>\n<div class=\"ewa-rteLine\">\n<div class=\"ewa-rteLine\">Les trois principaux piliers de la strat\u00e9gie comprennent\u2026<\/div>\n<div class=\"ewa-rteLine\"><\/div>\n<\/div>\n<\/div>\n<\/div>\n<\/div>\n<\/div>\n\t<div id=\"gap-1772695160\" class=\"gap-element clearfix\" style=\"display:block; height:auto;\">\n\t\t\n<style>\n#gap-1772695160 {\n  padding-top: 60px;\n}\n<\/style>\n\t<\/div>\n\t\n\n\t<section class=\"section\" id=\"section_1158462546\">\n\t\t<div class=\"section-bg fill\" >\n\t\t\t\t\t\t\t\t\t\n\t\t\t\n\n\t\t<\/div>\n\n\t\t\n\n\t\t<div class=\"section-content relative\">\n\t\t\t\n<div class=\"row\"  id=\"row-1042755938\">\n\n\t<div id=\"col-222323739\" class=\"col small-12 large-12\"  >\n\t\t\t\t<div class=\"col-inner\"  >\n\t\t\t\n\t\t\t\n\n\t<section class=\"section\" id=\"section_419477109\">\n\t\t<div class=\"section-bg fill\" >\n\t\t\t\t\t\t\t\t\t\n\t\t\t\n\n\t\t<\/div>\n\n\t\t\n\n\t\t<div class=\"section-content relative\">\n\t\t\t\n\n<div class=\"row\"  id=\"row-524149554\">\n\n\n\t<div id=\"col-1082477657\" class=\"col small-12 large-12\"  >\n\t\t\t\t<div class=\"col-inner\"  >\n\t\t\t\n\t\t\t\n\n<h2>D\u00e9sol\u00e9, ce contenu premium est r\u00e9serv\u00e9 aux clients RegASK uniquement.<\/h2>\n<p>Vous souhaitez acc\u00e9der \u00e0 l&#039;int\u00e9gralit\u00e9 du contenu de l&#039;alerte ou parcourir toutes les actualit\u00e9s ?\u00a0<\/p>\n<div class=\"row\"  id=\"row-889738508\">\n\n\n\t<div id=\"col-1800206027\" class=\"col small-12 large-12\"  >\n\t\t\t\t<div class=\"col-inner\"  >\n\t\t\t\n\t\t\t\n\n<a href=\"https:\/\/app.RegASK.com\/#\/\" target=\"_blank\" class=\"button secondary is-outline\" rel=\"noopener\" >\n\t\t<span>Connexion client<\/span>\n\t<\/a>\n\n\n<a href=\"https:\/\/regask.com\/fr\/demander-une-demo\/\" class=\"button secondary lowercase\" style=\"border-radius:5px;\">\n\t\t<span>R\u00e9server une d\u00e9mo<\/span>\n\t<\/a>\n\n\n<a href=\"https:\/\/regask.com\/fr\/more-insights\/\" target=\"_blank\" class=\"button secondary is-outline\" rel=\"noopener\" >\n\t\t<span>Parcourir les actualit\u00e9s<\/span>\n\t<\/a>\n\n\n\n\t\t<\/div>\n\t\t\t\t\t<\/div>\n\n\t\n\n<\/div>\n\n\t\t<\/div>\n\t\t\t\t\t<\/div>\n\n\t\n\n<\/div>\n\n\t\t<\/div>\n\n\t\t\n<style>\n#section_419477109 {\n  padding-top: 30px;\n  padding-bottom: 30px;\n  background-color: rgb(255,255,255);\n}\n<\/style>\n\t<\/section>\n\t\n\t\t<\/div>\n\t\t\t\t\t<\/div>\n\n\t\n<\/div>\n\t\t<\/div>\n\n\t\t\n<style>\n#section_1158462546 {\n  padding-top: 30px;\n  padding-bottom: 30px;\n  margin-bottom: -100px;\n  background-color: rgb(0, 49, 117);\n}\n<\/style>\n\t<\/section>\n\t\n\t<div id=\"gap-255655015\" class=\"gap-element clearfix\" style=\"display:block; height:auto;\">\n\t\t\n<style>\n#gap-255655015 {\n  padding-top: 60px;\n}\n<\/style>\n\t<\/div>\n\t\n<p>&nbsp;<\/p>","protected":false},"excerpt":{"rendered":"<p>Le ministre f\u00e9d\u00e9ral allemand de l&#039;alimentation et de l&#039;agriculture, Cem \u00d6zdemir, a d\u00e9voil\u00e9 la \u00ab Strat\u00e9gie nationale pour 30% d&#039;agriculture et d&#039;industrie alimentaire biologiques d&#039;ici 2030 \u00bb, ou \u00ab Strat\u00e9gie biologique 2030 \u00bb en abr\u00e9g\u00e9, visant au moins 30% de terres biologiques d&#039;ici 2030. Les trois principaux piliers de la strat\u00e9gie comprennent\u2026 &nbsp;<\/p>","protected":false},"author":39,"featured_media":4586,"comment_status":"closed","ping_status":"closed","sticky":false,"template":"","format":"standard","meta":{"_acf_changed":false,"footnotes":""},"categories":[515,34],"tags":[40,53,56,163],"class_list":["post-4603","post","type-post","status-publish","format-standard","has-post-thumbnail","hentry","category-germany-regulations","category-food-beverage-insights","tag-latest-insights","tag-environment","tag-premium-news","tag-organic"],"acf":[],"yoast_head":"<!-- This site is optimized with the Yoast SEO Premium plugin v27.3 (Yoast SEO v27.4) - https:\/\/yoast.com\/product\/yoast-seo-premium-wordpress\/ -->\n<title>German Federal Minister of Food and Agriculture unveiled the...<\/title>\n<meta name=\"description\" content=\"The appropriate framework conditions must be designed to achieve the goal of 30% organic land by 2030. Learn More with RegALERT | RegASK\" \/>\n<meta name=\"robots\" content=\"index, follow, max-snippet:-1, max-image-preview:large, max-video-preview:-1\" \/>\n<link rel=\"canonical\" href=\"https:\/\/regask.com\/fr\/allemagne-bmel-lance-sa-strategie-bio-2030\/\" \/>\n<meta property=\"og:locale\" content=\"fr_FR\" \/>\n<meta property=\"og:type\" content=\"article\" \/>\n<meta property=\"og:title\" content=\"Germany BMEL launches Organic Strategy 2030\" \/>\n<meta property=\"og:description\" content=\"The appropriate framework conditions must be designed to achieve the goal of 30% organic land by 2030. Learn More with RegALERT | RegASK\" \/>\n<meta property=\"og:url\" content=\"https:\/\/regask.com\/fr\/allemagne-bmel-lance-sa-strategie-bio-2030\/\" \/>\n<meta property=\"og:site_name\" content=\"RegASK\" \/>\n<meta property=\"article:publisher\" content=\"https:\/\/www.facebook.com\/RegASKRegulatoryAffairs\/\" \/>\n<meta property=\"article:published_time\" content=\"2023-12-04T09:32:23+00:00\" \/>\n<meta property=\"article:modified_time\" content=\"2024-10-25T18:55:16+00:00\" \/>\n<meta property=\"og:image\" content=\"https:\/\/regask.com\/wp-content\/uploads\/2021\/12\/food-with-trans-fat-fop-labelling.png\" \/>\n\t<meta property=\"og:image:width\" content=\"688\" \/>\n\t<meta property=\"og:image:height\" content=\"626\" \/>\n\t<meta property=\"og:image:type\" content=\"image\/png\" \/>\n<meta name=\"author\" content=\"Benoit Trouwaert\" \/>\n<meta name=\"twitter:card\" content=\"summary_large_image\" \/>\n<meta name=\"twitter:image\" content=\"https:\/\/regask.com\/wp-content\/uploads\/2021\/12\/food-with-trans-fat-fop-labelling.png\" \/>\n<meta name=\"twitter:creator\" content=\"@ASKRegASK\" \/>\n<meta name=\"twitter:site\" content=\"@ASKRegASK\" \/>\n<meta name=\"twitter:label1\" content=\"Written by\" \/>\n\t<meta name=\"twitter:data1\" content=\"Benoit Trouwaert\" \/>\n<script type=\"application\/ld+json\" class=\"yoast-schema-graph\">{\"@context\":\"https:\\\/\\\/schema.org\",\"@graph\":[{\"@type\":\"Article\",\"@id\":\"https:\\\/\\\/regask.com\\\/germany-bmel-launches-organic-strategy-2030\\\/#article\",\"isPartOf\":{\"@id\":\"https:\\\/\\\/regask.com\\\/germany-bmel-launches-organic-strategy-2030\\\/\"},\"author\":{\"name\":\"Benoit Trouwaert\",\"@id\":\"https:\\\/\\\/regask.com\\\/#\\\/schema\\\/person\\\/c1d261e8dcf7b1c30b2c4f2c119df42d\"},\"headline\":\"Germany BMEL launches Organic Strategy 2030\",\"datePublished\":\"2023-12-04T09:32:23+00:00\",\"dateModified\":\"2024-10-25T18:55:16+00:00\",\"mainEntityOfPage\":{\"@id\":\"https:\\\/\\\/regask.com\\\/germany-bmel-launches-organic-strategy-2030\\\/\"},\"wordCount\":67,\"publisher\":{\"@id\":\"https:\\\/\\\/regask.com\\\/#organization\"},\"image\":{\"@id\":\"https:\\\/\\\/regask.com\\\/germany-bmel-launches-organic-strategy-2030\\\/#primaryimage\"},\"thumbnailUrl\":\"https:\\\/\\\/regask.com\\\/wp-content\\\/uploads\\\/2023\\\/11\\\/Product-speficity-organic-salad-bowl.png\",\"keywords\":[\"Latest Insights\",\"environment\",\"Premium News\",\"Organic\"],\"articleSection\":[\"Germany\",\"Food and Nutrition\"],\"inLanguage\":\"fr-FR\"},{\"@type\":\"WebPage\",\"@id\":\"https:\\\/\\\/regask.com\\\/germany-bmel-launches-organic-strategy-2030\\\/\",\"url\":\"https:\\\/\\\/regask.com\\\/germany-bmel-launches-organic-strategy-2030\\\/\",\"name\":\"German Federal Minister of Food and Agriculture unveiled the...\",\"isPartOf\":{\"@id\":\"https:\\\/\\\/regask.com\\\/#website\"},\"primaryImageOfPage\":{\"@id\":\"https:\\\/\\\/regask.com\\\/germany-bmel-launches-organic-strategy-2030\\\/#primaryimage\"},\"image\":{\"@id\":\"https:\\\/\\\/regask.com\\\/germany-bmel-launches-organic-strategy-2030\\\/#primaryimage\"},\"thumbnailUrl\":\"https:\\\/\\\/regask.com\\\/wp-content\\\/uploads\\\/2023\\\/11\\\/Product-speficity-organic-salad-bowl.png\",\"datePublished\":\"2023-12-04T09:32:23+00:00\",\"dateModified\":\"2024-10-25T18:55:16+00:00\",\"description\":\"The appropriate framework conditions must be designed to achieve the goal of 30% organic land by 2030. Learn More with RegALERT | RegASK\",\"inLanguage\":\"fr-FR\",\"potentialAction\":[{\"@type\":\"ReadAction\",\"target\":[\"https:\\\/\\\/regask.com\\\/germany-bmel-launches-organic-strategy-2030\\\/\"]}]},{\"@type\":\"ImageObject\",\"inLanguage\":\"fr-FR\",\"@id\":\"https:\\\/\\\/regask.com\\\/germany-bmel-launches-organic-strategy-2030\\\/#primaryimage\",\"url\":\"https:\\\/\\\/regask.com\\\/wp-content\\\/uploads\\\/2023\\\/11\\\/Product-speficity-organic-salad-bowl.png\",\"contentUrl\":\"https:\\\/\\\/regask.com\\\/wp-content\\\/uploads\\\/2023\\\/11\\\/Product-speficity-organic-salad-bowl.png\",\"width\":330,\"height\":300,\"caption\":\"Product Speficity, Organic Salad Bowl\"},{\"@type\":\"WebSite\",\"@id\":\"https:\\\/\\\/regask.com\\\/#website\",\"url\":\"https:\\\/\\\/regask.com\\\/\",\"name\":\"RegASK\",\"description\":\"Empowering Smarter Regulatory Decisions\",\"publisher\":{\"@id\":\"https:\\\/\\\/regask.com\\\/#organization\"},\"potentialAction\":[{\"@type\":\"SearchAction\",\"target\":{\"@type\":\"EntryPoint\",\"urlTemplate\":\"https:\\\/\\\/regask.com\\\/?s={search_term_string}\"},\"query-input\":{\"@type\":\"PropertyValueSpecification\",\"valueRequired\":true,\"valueName\":\"search_term_string\"}}],\"inLanguage\":\"fr-FR\"},{\"@type\":\"Organization\",\"@id\":\"https:\\\/\\\/regask.com\\\/#organization\",\"name\":\"RegASK\",\"url\":\"https:\\\/\\\/regask.com\\\/\",\"logo\":{\"@type\":\"ImageObject\",\"inLanguage\":\"fr-FR\",\"@id\":\"https:\\\/\\\/regask.com\\\/#\\\/schema\\\/logo\\\/image\\\/\",\"url\":\"https:\\\/\\\/regask.com\\\/wp-content\\\/uploads\\\/2024\\\/10\\\/RegASK-Logo-Dark-Round.png\",\"contentUrl\":\"https:\\\/\\\/regask.com\\\/wp-content\\\/uploads\\\/2024\\\/10\\\/RegASK-Logo-Dark-Round.png\",\"width\":401,\"height\":401,\"caption\":\"RegASK\"},\"image\":{\"@id\":\"https:\\\/\\\/regask.com\\\/#\\\/schema\\\/logo\\\/image\\\/\"},\"sameAs\":[\"https:\\\/\\\/www.facebook.com\\\/RegASKRegulatoryAffairs\\\/\",\"https:\\\/\\\/x.com\\\/ASKRegASK\",\"https:\\\/\\\/www.linkedin.com\\\/company\\\/RegASK\\\/\",\"https:\\\/\\\/www.youtube.com\\\/playlist?list=PL6yPC6gFqelkHbOeyUVKjtHOZXZ2LQbJd\"]},{\"@type\":\"Person\",\"@id\":\"https:\\\/\\\/regask.com\\\/#\\\/schema\\\/person\\\/c1d261e8dcf7b1c30b2c4f2c119df42d\",\"name\":\"Benoit Trouwaert\"}]}<\/script>\n<!-- \/ Yoast SEO Premium plugin. -->","yoast_head_json":{"title":"Le ministre f\u00e9d\u00e9ral allemand de l&#039;Alimentation et de l&#039;Agriculture a d\u00e9voil\u00e9...","description":"Les conditions-cadres appropri\u00e9es doivent \u00eatre con\u00e7ues pour atteindre l&#039;objectif de 30% de terres biologiques d&#039;ici 2030. En savoir plus avec RegALERT | RegASK","robots":{"index":"index","follow":"follow","max-snippet":"max-snippet:-1","max-image-preview":"max-image-preview:large","max-video-preview":"max-video-preview:-1"},"canonical":"https:\/\/regask.com\/fr\/allemagne-bmel-lance-sa-strategie-bio-2030\/","og_locale":"fr_FR","og_type":"article","og_title":"Germany BMEL launches Organic Strategy 2030","og_description":"The appropriate framework conditions must be designed to achieve the goal of 30% organic land by 2030. Learn More with RegALERT | RegASK","og_url":"https:\/\/regask.com\/fr\/allemagne-bmel-lance-sa-strategie-bio-2030\/","og_site_name":"RegASK","article_publisher":"https:\/\/www.facebook.com\/RegASKRegulatoryAffairs\/","article_published_time":"2023-12-04T09:32:23+00:00","article_modified_time":"2024-10-25T18:55:16+00:00","og_image":[{"width":688,"height":626,"url":"https:\/\/regask.com\/wp-content\/uploads\/2021\/12\/food-with-trans-fat-fop-labelling.png","type":"image\/png"}],"author":"Benoit Trouwaert","twitter_card":"summary_large_image","twitter_image":"https:\/\/regask.com\/wp-content\/uploads\/2021\/12\/food-with-trans-fat-fop-labelling.png","twitter_creator":"@ASKRegASK","twitter_site":"@ASKRegASK","twitter_misc":{"Written by":"Benoit Trouwaert"},"schema":{"@context":"https:\/\/schema.org","@graph":[{"@type":"Article","@id":"https:\/\/regask.com\/germany-bmel-launches-organic-strategy-2030\/#article","isPartOf":{"@id":"https:\/\/regask.com\/germany-bmel-launches-organic-strategy-2030\/"},"author":{"name":"Benoit Trouwaert","@id":"https:\/\/regask.com\/#\/schema\/person\/c1d261e8dcf7b1c30b2c4f2c119df42d"},"headline":"Germany BMEL launches Organic Strategy 2030","datePublished":"2023-12-04T09:32:23+00:00","dateModified":"2024-10-25T18:55:16+00:00","mainEntityOfPage":{"@id":"https:\/\/regask.com\/germany-bmel-launches-organic-strategy-2030\/"},"wordCount":67,"publisher":{"@id":"https:\/\/regask.com\/#organization"},"image":{"@id":"https:\/\/regask.com\/germany-bmel-launches-organic-strategy-2030\/#primaryimage"},"thumbnailUrl":"https:\/\/regask.com\/wp-content\/uploads\/2023\/11\/Product-speficity-organic-salad-bowl.png","keywords":["Latest Insights","environment","Premium News","Organic"],"articleSection":["Germany","Food and Nutrition"],"inLanguage":"fr-FR"},{"@type":"WebPage","@id":"https:\/\/regask.com\/germany-bmel-launches-organic-strategy-2030\/","url":"https:\/\/regask.com\/germany-bmel-launches-organic-strategy-2030\/","name":"Le ministre f\u00e9d\u00e9ral allemand de l&#039;Alimentation et de l&#039;Agriculture a d\u00e9voil\u00e9...","isPartOf":{"@id":"https:\/\/regask.com\/#website"},"primaryImageOfPage":{"@id":"https:\/\/regask.com\/germany-bmel-launches-organic-strategy-2030\/#primaryimage"},"image":{"@id":"https:\/\/regask.com\/germany-bmel-launches-organic-strategy-2030\/#primaryimage"},"thumbnailUrl":"https:\/\/regask.com\/wp-content\/uploads\/2023\/11\/Product-speficity-organic-salad-bowl.png","datePublished":"2023-12-04T09:32:23+00:00","dateModified":"2024-10-25T18:55:16+00:00","description":"Les conditions-cadres appropri\u00e9es doivent \u00eatre con\u00e7ues pour atteindre l&#039;objectif de 30% de terres biologiques d&#039;ici 2030. En savoir plus avec RegALERT | RegASK","inLanguage":"fr-FR","potentialAction":[{"@type":"ReadAction","target":["https:\/\/regask.com\/germany-bmel-launches-organic-strategy-2030\/"]}]},{"@type":"ImageObject","inLanguage":"fr-FR","@id":"https:\/\/regask.com\/germany-bmel-launches-organic-strategy-2030\/#primaryimage","url":"https:\/\/regask.com\/wp-content\/uploads\/2023\/11\/Product-speficity-organic-salad-bowl.png","contentUrl":"https:\/\/regask.com\/wp-content\/uploads\/2023\/11\/Product-speficity-organic-salad-bowl.png","width":330,"height":300,"caption":"Product Speficity, Organic Salad Bowl"},{"@type":"WebSite","@id":"https:\/\/regask.com\/#website","url":"https:\/\/regask.com\/","name":"RegASK","description":"Favoriser des d\u00e9cisions r\u00e9glementaires plus intelligentes","publisher":{"@id":"https:\/\/regask.com\/#organization"},"potentialAction":[{"@type":"SearchAction","target":{"@type":"EntryPoint","urlTemplate":"https:\/\/regask.com\/?s={search_term_string}"},"query-input":{"@type":"PropertyValueSpecification","valueRequired":true,"valueName":"search_term_string"}}],"inLanguage":"fr-FR"},{"@type":"Organization","@id":"https:\/\/regask.com\/#organization","name":"RegASK","url":"https:\/\/regask.com\/","logo":{"@type":"ImageObject","inLanguage":"fr-FR","@id":"https:\/\/regask.com\/#\/schema\/logo\/image\/","url":"https:\/\/regask.com\/wp-content\/uploads\/2024\/10\/RegASK-Logo-Dark-Round.png","contentUrl":"https:\/\/regask.com\/wp-content\/uploads\/2024\/10\/RegASK-Logo-Dark-Round.png","width":401,"height":401,"caption":"RegASK"},"image":{"@id":"https:\/\/regask.com\/#\/schema\/logo\/image\/"},"sameAs":["https:\/\/www.facebook.com\/RegASKRegulatoryAffairs\/","https:\/\/x.com\/ASKRegASK","https:\/\/www.linkedin.com\/company\/RegASK\/","https:\/\/www.youtube.com\/playlist?list=PL6yPC6gFqelkHbOeyUVKjtHOZXZ2LQbJd"]},{"@type":"Person","@id":"https:\/\/regask.com\/#\/schema\/person\/c1d261e8dcf7b1c30b2c4f2c119df42d","name":"Beno\u00eet Trouwaert"}]}},"_links":{"self":[{"href":"https:\/\/regask.com\/fr\/wp-json\/wp\/v2\/posts\/4603","targetHints":{"allow":["GET"]}}],"collection":[{"href":"https:\/\/regask.com\/fr\/wp-json\/wp\/v2\/posts"}],"about":[{"href":"https:\/\/regask.com\/fr\/wp-json\/wp\/v2\/types\/post"}],"author":[{"embeddable":true,"href":"https:\/\/regask.com\/fr\/wp-json\/wp\/v2\/users\/39"}],"replies":[{"embeddable":true,"href":"https:\/\/regask.com\/fr\/wp-json\/wp\/v2\/comments?post=4603"}],"version-history":[{"count":0,"href":"https:\/\/regask.com\/fr\/wp-json\/wp\/v2\/posts\/4603\/revisions"}],"wp:featuredmedia":[{"embeddable":true,"href":"https:\/\/regask.com\/fr\/wp-json\/wp\/v2\/media\/4586"}],"wp:attachment":[{"href":"https:\/\/regask.com\/fr\/wp-json\/wp\/v2\/media?parent=4603"}],"wp:term":[{"taxonomy":"category","embeddable":true,"href":"https:\/\/regask.com\/fr\/wp-json\/wp\/v2\/categories?post=4603"},{"taxonomy":"post_tag","embeddable":true,"href":"https:\/\/regask.com\/fr\/wp-json\/wp\/v2\/tags?post=4603"}],"curies":[{"name":"wp","href":"https:\/\/api.w.org\/{rel}","templated":true}]}}