{"id":7995,"date":"2025-03-12T18:02:43","date_gmt":"2025-03-12T10:02:43","guid":{"rendered":"https:\/\/regask.com\/?p=7995"},"modified":"2025-03-14T18:30:36","modified_gmt":"2025-03-14T10:30:36","slug":"loi-algerienne-sur-la-gestion-des-dechets","status":"publish","type":"post","link":"https:\/\/regask.com\/fr\/algeria-waste-management-law\/","title":{"rendered":"L&#039;Alg\u00e9rie adopte une nouvelle loi pour renforcer la gestion des d\u00e9chets\u2026"},"content":{"rendered":"<div class=\"body-and-reply\">\n<div class=\"body notranslate ng-star-inserted\">\n<p>Sur <strong>23 janvier 2025<\/strong>, le <strong>Agence de presse alg\u00e9rienne<\/strong> a annonc\u00e9 que le <strong>Conseil de la nation<\/strong> a adopt\u00e9 une nouvelle loi modifiant et compl\u00e9tant <strong>Loi 01-19<\/strong> sur la gestion, le contr\u00f4le et l&#039;\u00e9limination des d\u00e9chets. Cette mise \u00e0 jour l\u00e9gislative repr\u00e9sente une \u00e9tape majeure vers l&#039;\u00e9laboration d&#039;une <strong>\u00e9conomie verte<\/strong> et \u00e9tablir un <strong>\u00e9conomie circulaire<\/strong> en Alg\u00e9rie. Le nouveau cadre renforce <strong>mesures juridiques, r\u00e9glementaires et institutionnelles<\/strong> am\u00e9liorer les pratiques de gestion des d\u00e9chets \u00e0 l\u2019\u00e9chelle nationale.<\/p>\n<p>La loi introduit <strong>mesures globales pour une gestion int\u00e9gr\u00e9e des d\u00e9chets<\/strong>, y compris la mise en \u0153uvre d&#039;un <strong>syst\u00e8me num\u00e9rique de gestion des d\u00e9chets<\/strong> pour am\u00e9liorer l&#039;efficacit\u00e9. Elle est \u00e9galement conforme aux principes internationaux de <strong>\u00e9conomie circulaire<\/strong>, comme le reconna\u00eet le <strong>Les Nations Unies<\/strong>, en incorporant <strong>Responsabilit\u00e9 \u00e9largie des producteurs (REP)<\/strong>, qui oblige les producteurs et les d\u00e9tenteurs de d\u00e9chets \u00e0 assurer une valorisation ad\u00e9quate des d\u00e9chets.<\/p>\n<p>L\u2019un des principaux objectifs de la l\u00e9gislation est la promotion de <strong>\u00e9co-conception<\/strong>, encourageant les entreprises \u00e0 d\u00e9velopper des produits qui minimisent leur impact environnemental tout au long de leur cycle de vie, tout en pr\u00e9servant leur fonctionnalit\u00e9. La loi \u00e9tablit \u00e9galement un <strong>classification hi\u00e9rarchique des m\u00e9thodes de traitement des d\u00e9chets<\/strong> et initie le <strong>\u00e9limination progressive des produits en plastique \u00e0 usage unique<\/strong>.<\/p>\n<p>Pour encourager une gestion durable des d\u00e9chets, les producteurs et les distributeurs sont invit\u00e9s \u00e0 mettre en \u0153uvre <strong>programmes d&#039;incitation \u00e0 la consommation<\/strong> pour la collecte s\u00e9lective des d\u00e9chets. De plus, la loi introduit <strong>dispositions p\u00e9nales r\u00e9vis\u00e9es et sanctions plus strictes<\/strong> pour faire respecter la conformit\u00e9 et d\u00e9courager les violations li\u00e9es aux pratiques de gestion des d\u00e9chets.<\/p>\n<p>Cette mise \u00e0 jour juridique marque un changement transformateur dans l\u2019approche de l\u2019Alg\u00e9rie en mati\u00e8re de <strong>durabilit\u00e9 et r\u00e9glementation des d\u00e9chets<\/strong>, renfor\u00e7ant l&#039;engagement du pays en mati\u00e8re de responsabilit\u00e9 environnementale et de d\u00e9veloppement durable. Les acteurs de la gestion des d\u00e9chets, de la fabrication et de la distribution devraient examiner attentivement les nouvelles exigences pour garantir leur conformit\u00e9 et contribuer activement \u00e0 l&#039;\u00e9volution du cadre de l&#039;\u00e9conomie circulaire en Alg\u00e9rie.<\/p>\n<\/div>\n<\/div>\n<div class=\"translations-container ng-star-inserted\"><\/div>\n<div class=\"reactions-and-edited ng-star-inserted\"><\/div>","protected":false},"excerpt":{"rendered":"<p>On January 23, 2025, the Algerian Press Agency announced that the Council of the Nation has adopted a new law modifying and supplementing Law 01-19 on waste management, control, and elimination. This legislative update represents a major step towards developing a green economy and establishing a circular economy in Algeria. The new framework strengthens legal,&#8230;<\/p>","protected":false},"author":30,"featured_media":8119,"comment_status":"closed","ping_status":"closed","sticky":false,"template":"","format":"standard","meta":{"_acf_changed":false,"footnotes":""},"categories":[47,573],"tags":[500,502,503],"class_list":["post-7995","post","type-post","status-publish","format-standard","has-post-thumbnail","hentry","category-esg-horizon-scanning-latest-insights","category-algeria-regulations","tag-environment-and-sustainability-regs","tag-recycling-regulations","tag-single-use-plastic-regulations"],"acf":[],"yoast_head":"<!-- This site is optimized with the Yoast SEO Premium plugin v27.3 (Yoast SEO v27.5) - https:\/\/yoast.com\/product\/yoast-seo-premium-wordpress\/ -->\n<title>Algeria Strengthens Waste Management Laws | RegASK<\/title>\n<meta name=\"description\" content=\"Algeria adopts new waste management law, reinforcing circular economy goals with EPR &amp; eco-design measures. Read more at RegASK.\" \/>\n<meta name=\"robots\" content=\"index, follow, max-snippet:-1, max-image-preview:large, max-video-preview:-1\" \/>\n<link rel=\"canonical\" href=\"https:\/\/regask.com\/fr\/loi-algerienne-sur-la-gestion-des-dechets\/\" \/>\n<meta property=\"og:locale\" content=\"fr_FR\" \/>\n<meta property=\"og:type\" content=\"article\" \/>\n<meta property=\"og:title\" content=\"Algeria Adopts New Law to Strengthen Waste Management and Advance Circular Economy\" \/>\n<meta property=\"og:description\" content=\"Algeria adopts new waste management law, reinforcing circular economy goals with EPR &amp; eco-design measures. Read more at RegASK.\" \/>\n<meta property=\"og:url\" content=\"https:\/\/regask.com\/fr\/loi-algerienne-sur-la-gestion-des-dechets\/\" \/>\n<meta property=\"og:site_name\" content=\"RegASK\" \/>\n<meta property=\"article:publisher\" content=\"https:\/\/www.facebook.com\/RegASKRegulatoryAffairs\/\" \/>\n<meta property=\"article:published_time\" content=\"2025-03-12T10:02:43+00:00\" \/>\n<meta property=\"article:modified_time\" content=\"2025-03-14T10:30:36+00:00\" \/>\n<meta property=\"og:image\" content=\"https:\/\/regask.com\/wp-content\/uploads\/2025\/03\/algeria-adopts-new-law-strengthen-waste-management-advance-circular-economy.png\" \/>\n\t<meta property=\"og:image:width\" content=\"800\" \/>\n\t<meta property=\"og:image:height\" content=\"600\" \/>\n\t<meta property=\"og:image:type\" content=\"image\/png\" \/>\n<meta name=\"author\" content=\"Amandine Tricou\" \/>\n<meta name=\"twitter:card\" content=\"summary_large_image\" \/>\n<meta name=\"twitter:creator\" content=\"@ASKRegASK\" \/>\n<meta name=\"twitter:site\" content=\"@ASKRegASK\" \/>\n<meta name=\"twitter:label1\" content=\"Written by\" \/>\n\t<meta name=\"twitter:data1\" content=\"Amandine Tricou\" \/>\n\t<meta name=\"twitter:label2\" content=\"Est. reading time\" \/>\n\t<meta name=\"twitter:data2\" content=\"2 minutes\" \/>\n<script type=\"application\/ld+json\" class=\"yoast-schema-graph\">{\"@context\":\"https:\\\/\\\/schema.org\",\"@graph\":[{\"@type\":\"Article\",\"@id\":\"https:\\\/\\\/regask.com\\\/algeria-waste-management-law\\\/#article\",\"isPartOf\":{\"@id\":\"https:\\\/\\\/regask.com\\\/algeria-waste-management-law\\\/\"},\"author\":{\"name\":\"Amandine Tricou\",\"@id\":\"https:\\\/\\\/regask.com\\\/#\\\/schema\\\/person\\\/c2135b6dbdb95b0886564618fe9f4108\"},\"headline\":\"Algeria Adopts New Law to Strengthen Waste Management a&hellip;\",\"datePublished\":\"2025-03-12T10:02:43+00:00\",\"dateModified\":\"2025-03-14T10:30:36+00:00\",\"mainEntityOfPage\":{\"@id\":\"https:\\\/\\\/regask.com\\\/algeria-waste-management-law\\\/\"},\"wordCount\":268,\"publisher\":{\"@id\":\"https:\\\/\\\/regask.com\\\/#organization\"},\"image\":{\"@id\":\"https:\\\/\\\/regask.com\\\/algeria-waste-management-law\\\/#primaryimage\"},\"thumbnailUrl\":\"https:\\\/\\\/regask.com\\\/wp-content\\\/uploads\\\/2025\\\/03\\\/algeria-adopts-new-law-strengthen-waste-management-advance-circular-economy.png\",\"keywords\":[\"Environment and Sustainability Regs\",\"Recycling Regulations\",\"Single-use plastic Regulations\"],\"articleSection\":[\"ESG\",\"Algeria\"],\"inLanguage\":\"fr-FR\"},{\"@type\":\"WebPage\",\"@id\":\"https:\\\/\\\/regask.com\\\/algeria-waste-management-law\\\/\",\"url\":\"https:\\\/\\\/regask.com\\\/algeria-waste-management-law\\\/\",\"name\":\"Algeria Strengthens Waste Management Laws | RegASK\",\"isPartOf\":{\"@id\":\"https:\\\/\\\/regask.com\\\/#website\"},\"primaryImageOfPage\":{\"@id\":\"https:\\\/\\\/regask.com\\\/algeria-waste-management-law\\\/#primaryimage\"},\"image\":{\"@id\":\"https:\\\/\\\/regask.com\\\/algeria-waste-management-law\\\/#primaryimage\"},\"thumbnailUrl\":\"https:\\\/\\\/regask.com\\\/wp-content\\\/uploads\\\/2025\\\/03\\\/algeria-adopts-new-law-strengthen-waste-management-advance-circular-economy.png\",\"datePublished\":\"2025-03-12T10:02:43+00:00\",\"dateModified\":\"2025-03-14T10:30:36+00:00\",\"description\":\"Algeria adopts new waste management law, reinforcing circular economy goals with EPR & eco-design measures. Read more at RegASK.\",\"inLanguage\":\"fr-FR\",\"potentialAction\":[{\"@type\":\"ReadAction\",\"target\":[\"https:\\\/\\\/regask.com\\\/algeria-waste-management-law\\\/\"]}]},{\"@type\":\"ImageObject\",\"inLanguage\":\"fr-FR\",\"@id\":\"https:\\\/\\\/regask.com\\\/algeria-waste-management-law\\\/#primaryimage\",\"url\":\"https:\\\/\\\/regask.com\\\/wp-content\\\/uploads\\\/2025\\\/03\\\/algeria-adopts-new-law-strengthen-waste-management-advance-circular-economy.png\",\"contentUrl\":\"https:\\\/\\\/regask.com\\\/wp-content\\\/uploads\\\/2025\\\/03\\\/algeria-adopts-new-law-strengthen-waste-management-advance-circular-economy.png\",\"width\":800,\"height\":600,\"caption\":\"Algeria Adopts New Law Strengthen Waste Management Advance Circular Economy\"},{\"@type\":\"WebSite\",\"@id\":\"https:\\\/\\\/regask.com\\\/#website\",\"url\":\"https:\\\/\\\/regask.com\\\/\",\"name\":\"RegASK\",\"description\":\"Empowering Smarter Regulatory Decisions\",\"publisher\":{\"@id\":\"https:\\\/\\\/regask.com\\\/#organization\"},\"potentialAction\":[{\"@type\":\"SearchAction\",\"target\":{\"@type\":\"EntryPoint\",\"urlTemplate\":\"https:\\\/\\\/regask.com\\\/?s={search_term_string}\"},\"query-input\":{\"@type\":\"PropertyValueSpecification\",\"valueRequired\":true,\"valueName\":\"search_term_string\"}}],\"inLanguage\":\"fr-FR\"},{\"@type\":\"Organization\",\"@id\":\"https:\\\/\\\/regask.com\\\/#organization\",\"name\":\"RegASK\",\"url\":\"https:\\\/\\\/regask.com\\\/\",\"logo\":{\"@type\":\"ImageObject\",\"inLanguage\":\"fr-FR\",\"@id\":\"https:\\\/\\\/regask.com\\\/#\\\/schema\\\/logo\\\/image\\\/\",\"url\":\"https:\\\/\\\/regask.com\\\/wp-content\\\/uploads\\\/2024\\\/10\\\/RegASK-Logo-Dark-Round.png\",\"contentUrl\":\"https:\\\/\\\/regask.com\\\/wp-content\\\/uploads\\\/2024\\\/10\\\/RegASK-Logo-Dark-Round.png\",\"width\":401,\"height\":401,\"caption\":\"RegASK\"},\"image\":{\"@id\":\"https:\\\/\\\/regask.com\\\/#\\\/schema\\\/logo\\\/image\\\/\"},\"sameAs\":[\"https:\\\/\\\/www.facebook.com\\\/RegASKRegulatoryAffairs\\\/\",\"https:\\\/\\\/x.com\\\/ASKRegASK\",\"https:\\\/\\\/www.linkedin.com\\\/company\\\/RegASK\\\/\",\"https:\\\/\\\/www.youtube.com\\\/@RegASK\"]},{\"@type\":\"Person\",\"@id\":\"https:\\\/\\\/regask.com\\\/#\\\/schema\\\/person\\\/c2135b6dbdb95b0886564618fe9f4108\",\"name\":\"Amandine Tricou\",\"sameAs\":[\"http:\\\/\\\/www.regask.com\"]}]}<\/script>\n<!-- \/ Yoast SEO Premium plugin. -->","yoast_head_json":{"title":"L&#039;Alg\u00e9rie renforce sa l\u00e9gislation sur la gestion des d\u00e9chets | RegASK","description":"L&#039;Alg\u00e9rie adopte une nouvelle loi sur la gestion des d\u00e9chets, renfor\u00e7ant les objectifs d&#039;\u00e9conomie circulaire gr\u00e2ce \u00e0 des mesures de REP et d&#039;\u00e9coconception. Pour en savoir plus, rendez-vous sur RegASK.","robots":{"index":"index","follow":"follow","max-snippet":"max-snippet:-1","max-image-preview":"max-image-preview:large","max-video-preview":"max-video-preview:-1"},"canonical":"https:\/\/regask.com\/fr\/loi-algerienne-sur-la-gestion-des-dechets\/","og_locale":"fr_FR","og_type":"article","og_title":"Algeria Adopts New Law to Strengthen Waste Management and Advance Circular Economy","og_description":"Algeria adopts new waste management law, reinforcing circular economy goals with EPR & eco-design measures. Read more at RegASK.","og_url":"https:\/\/regask.com\/fr\/loi-algerienne-sur-la-gestion-des-dechets\/","og_site_name":"RegASK","article_publisher":"https:\/\/www.facebook.com\/RegASKRegulatoryAffairs\/","article_published_time":"2025-03-12T10:02:43+00:00","article_modified_time":"2025-03-14T10:30:36+00:00","og_image":[{"width":800,"height":600,"url":"https:\/\/regask.com\/wp-content\/uploads\/2025\/03\/algeria-adopts-new-law-strengthen-waste-management-advance-circular-economy.png","type":"image\/png"}],"author":"Amandine Tricou","twitter_card":"summary_large_image","twitter_creator":"@ASKRegASK","twitter_site":"@ASKRegASK","twitter_misc":{"Written by":"Amandine Tricou","Est. reading time":"2 minutes"},"schema":{"@context":"https:\/\/schema.org","@graph":[{"@type":"Article","@id":"https:\/\/regask.com\/algeria-waste-management-law\/#article","isPartOf":{"@id":"https:\/\/regask.com\/algeria-waste-management-law\/"},"author":{"name":"Amandine Tricou","@id":"https:\/\/regask.com\/#\/schema\/person\/c2135b6dbdb95b0886564618fe9f4108"},"headline":"Algeria Adopts New Law to Strengthen Waste Management a&hellip;","datePublished":"2025-03-12T10:02:43+00:00","dateModified":"2025-03-14T10:30:36+00:00","mainEntityOfPage":{"@id":"https:\/\/regask.com\/algeria-waste-management-law\/"},"wordCount":268,"publisher":{"@id":"https:\/\/regask.com\/#organization"},"image":{"@id":"https:\/\/regask.com\/algeria-waste-management-law\/#primaryimage"},"thumbnailUrl":"https:\/\/regask.com\/wp-content\/uploads\/2025\/03\/algeria-adopts-new-law-strengthen-waste-management-advance-circular-economy.png","keywords":["Environment and Sustainability Regs","Recycling Regulations","Single-use plastic Regulations"],"articleSection":["ESG","Algeria"],"inLanguage":"fr-FR"},{"@type":"WebPage","@id":"https:\/\/regask.com\/algeria-waste-management-law\/","url":"https:\/\/regask.com\/algeria-waste-management-law\/","name":"L&#039;Alg\u00e9rie renforce sa l\u00e9gislation sur la gestion des d\u00e9chets | RegASK","isPartOf":{"@id":"https:\/\/regask.com\/#website"},"primaryImageOfPage":{"@id":"https:\/\/regask.com\/algeria-waste-management-law\/#primaryimage"},"image":{"@id":"https:\/\/regask.com\/algeria-waste-management-law\/#primaryimage"},"thumbnailUrl":"https:\/\/regask.com\/wp-content\/uploads\/2025\/03\/algeria-adopts-new-law-strengthen-waste-management-advance-circular-economy.png","datePublished":"2025-03-12T10:02:43+00:00","dateModified":"2025-03-14T10:30:36+00:00","description":"L&#039;Alg\u00e9rie adopte une nouvelle loi sur la gestion des d\u00e9chets, renfor\u00e7ant les objectifs d&#039;\u00e9conomie circulaire gr\u00e2ce \u00e0 des mesures de REP et d&#039;\u00e9coconception. Pour en savoir plus, rendez-vous sur RegASK.","inLanguage":"fr-FR","potentialAction":[{"@type":"ReadAction","target":["https:\/\/regask.com\/algeria-waste-management-law\/"]}]},{"@type":"ImageObject","inLanguage":"fr-FR","@id":"https:\/\/regask.com\/algeria-waste-management-law\/#primaryimage","url":"https:\/\/regask.com\/wp-content\/uploads\/2025\/03\/algeria-adopts-new-law-strengthen-waste-management-advance-circular-economy.png","contentUrl":"https:\/\/regask.com\/wp-content\/uploads\/2025\/03\/algeria-adopts-new-law-strengthen-waste-management-advance-circular-economy.png","width":800,"height":600,"caption":"Algeria Adopts New Law Strengthen Waste Management Advance Circular Economy"},{"@type":"WebSite","@id":"https:\/\/regask.com\/#website","url":"https:\/\/regask.com\/","name":"RegASK","description":"Favoriser des d\u00e9cisions r\u00e9glementaires plus intelligentes","publisher":{"@id":"https:\/\/regask.com\/#organization"},"potentialAction":[{"@type":"SearchAction","target":{"@type":"EntryPoint","urlTemplate":"https:\/\/regask.com\/?s={search_term_string}"},"query-input":{"@type":"PropertyValueSpecification","valueRequired":true,"valueName":"search_term_string"}}],"inLanguage":"fr-FR"},{"@type":"Organization","@id":"https:\/\/regask.com\/#organization","name":"RegASK","url":"https:\/\/regask.com\/","logo":{"@type":"ImageObject","inLanguage":"fr-FR","@id":"https:\/\/regask.com\/#\/schema\/logo\/image\/","url":"https:\/\/regask.com\/wp-content\/uploads\/2024\/10\/RegASK-Logo-Dark-Round.png","contentUrl":"https:\/\/regask.com\/wp-content\/uploads\/2024\/10\/RegASK-Logo-Dark-Round.png","width":401,"height":401,"caption":"RegASK"},"image":{"@id":"https:\/\/regask.com\/#\/schema\/logo\/image\/"},"sameAs":["https:\/\/www.facebook.com\/RegASKRegulatoryAffairs\/","https:\/\/x.com\/ASKRegASK","https:\/\/www.linkedin.com\/company\/RegASK\/","https:\/\/www.youtube.com\/@RegASK"]},{"@type":"Person","@id":"https:\/\/regask.com\/#\/schema\/person\/c2135b6dbdb95b0886564618fe9f4108","name":"Amandine Tricou","sameAs":["http:\/\/www.regask.com"]}]}},"_links":{"self":[{"href":"https:\/\/regask.com\/fr\/wp-json\/wp\/v2\/posts\/7995","targetHints":{"allow":["GET"]}}],"collection":[{"href":"https:\/\/regask.com\/fr\/wp-json\/wp\/v2\/posts"}],"about":[{"href":"https:\/\/regask.com\/fr\/wp-json\/wp\/v2\/types\/post"}],"author":[{"embeddable":true,"href":"https:\/\/regask.com\/fr\/wp-json\/wp\/v2\/users\/30"}],"replies":[{"embeddable":true,"href":"https:\/\/regask.com\/fr\/wp-json\/wp\/v2\/comments?post=7995"}],"version-history":[{"count":0,"href":"https:\/\/regask.com\/fr\/wp-json\/wp\/v2\/posts\/7995\/revisions"}],"wp:featuredmedia":[{"embeddable":true,"href":"https:\/\/regask.com\/fr\/wp-json\/wp\/v2\/media\/8119"}],"wp:attachment":[{"href":"https:\/\/regask.com\/fr\/wp-json\/wp\/v2\/media?parent=7995"}],"wp:term":[{"taxonomy":"category","embeddable":true,"href":"https:\/\/regask.com\/fr\/wp-json\/wp\/v2\/categories?post=7995"},{"taxonomy":"post_tag","embeddable":true,"href":"https:\/\/regask.com\/fr\/wp-json\/wp\/v2\/tags?post=7995"}],"curies":[{"name":"wp","href":"https:\/\/api.w.org\/{rel}","templated":true}]}}