{"id":8800,"date":"2025-10-22T12:03:57","date_gmt":"2025-10-22T04:03:57","guid":{"rendered":"https:\/\/regask.com\/?p=8800"},"modified":"2025-10-22T12:09:37","modified_gmt":"2025-10-22T04:09:37","slug":"regask-monte-sur-scene-a-la-conference-raps-edts-2025","status":"publish","type":"post","link":"https:\/\/regask.com\/fr\/regask-takes-the-stage-at-raps-edts-conference-2025\/","title":{"rendered":"RegASK prend la parole \u00e0 la conf\u00e9rence RAPS EDTS 2025"},"content":{"rendered":"<a href=\"https:\/\/regask.com\/fr\/conference-europeenne-sur-les-technologies-numeriques-et-les-logiciels-raps-2025\/\" target=\"_blank\" class=\"button secondary\" rel=\"noopener\" >\n\t\t<span>Rencontrez RegASK \u00e0 la conf\u00e9rence RAPS EDTS 2025<\/span>\n\t<\/a>\n\n\t<div id=\"gap-650307500\" class=\"gap-element clearfix\" style=\"display:block; height:auto;\">\n\t\t\n<style>\n#gap-650307500 {\n  padding-top: 30px;\n}\n<\/style>\n\t<\/div>\n\t\n<p data-start=\"67\" data-end=\"370\"><strong data-start=\"67\" data-end=\"175\">RegASK est fier de participer \u00e0 la conf\u00e9rence RAPS European Digital Technology &amp; Software Conference (EDTS) 2025.<\/strong>, un \u00e9v\u00e9nement de premier plan r\u00e9unissant des professionnels de la r\u00e9glementation, des innovateurs num\u00e9riques et des chefs de file de l&#039;industrie pour explorer comment la technologie transforme l&#039;avenir des soins de sant\u00e9 et des affaires r\u00e9glementaires.<\/p>\n<p data-start=\"372\" data-end=\"744\">Cette conf\u00e9rence prospective offre une plateforme dynamique pour d\u00e9battre de l&#039;\u00e9volution du cadre r\u00e9glementaire en mati\u00e8re d&#039;IA, de logiciels et de sant\u00e9 num\u00e9rique. Les principaux th\u00e8mes abord\u00e9s incluent les strat\u00e9gies r\u00e9glementaires pour l&#039;IA et les dispositifs m\u00e9dicaux logiciels (SaMD), l&#039;int\u00e9grit\u00e9 des donn\u00e9es et la cybers\u00e9curit\u00e9, ainsi que l&#039;orchestration des flux de travail num\u00e9riques, permettant aux professionnels d&#039;appr\u00e9hender sereinement les enjeux de conformit\u00e9 dans un monde num\u00e9rique en constante \u00e9volution.<\/p>\n<div class=\"is-divider divider clearfix\" style=\"margin-top:1.5em;margin-bottom:1.5em;max-width:20%;height:1px;background-color:#a5acd9;\"><\/div>\n<p data-start=\"746\" data-end=\"1030\">\ud83d\udccd <strong data-start=\"749\" data-end=\"773\">Retrouvez-nous \u00e0 Rotterdam<\/strong><br data-start=\"773\" data-end=\"776\" \/>Connectez-vous avec <strong data-start=\"793\" data-end=\"808\">\u00c9quipe RegASK<\/strong> \u00e0 <strong data-start=\"812\" data-end=\"830\">RAPS EDTS 2025<\/strong> pour d\u00e9couvrir comment notre <strong data-start=\"851\" data-end=\"888\">Intelligence r\u00e9glementaire pilot\u00e9e par l&#039;IA<\/strong> et <strong data-start=\"893\" data-end=\"929\">solutions d&#039;orchestration des flux de travail<\/strong> red\u00e9finissent la mani\u00e8re dont les organisations g\u00e8rent la complexit\u00e9, am\u00e9liorent la conformit\u00e9 et acc\u00e9l\u00e8rent l&#039;innovation.<\/p>\n<p data-start=\"1032\" data-end=\"1309\">\ud83c\udf99 <strong data-start=\"1035\" data-end=\"1055\">S\u00e9ance de prise de parole<\/strong><br data-start=\"1055\" data-end=\"1058\" \/><strong data-start=\"1058\" data-end=\"1123\">Kelli Madden \u2013 Responsable principale du renseignement r\u00e9glementaire, RegASK<\/strong><br data-start=\"1123\" data-end=\"1126\" \/>\ud83d\uddd3 <strong data-start=\"1129\" data-end=\"1179\">Jeudi 30 octobre 2025 | 12 h 15 \u2013 13 h 15<\/strong><br data-start=\"1179\" data-end=\"1182\" \/><strong data-start=\"1182\" data-end=\"1192\">Sujet:<\/strong> <em data-start=\"1193\" data-end=\"1307\">Naviguer dans l&#039;avenir des affaires r\u00e9glementaires\u00a0: strat\u00e9gies ax\u00e9es sur la technologie pour une intelligence et un flux de travail am\u00e9lior\u00e9s<\/em><\/p>\n<p data-start=\"1311\" data-end=\"1475\">Obtenez des informations exploitables sur la fa\u00e7on dont les strat\u00e9gies ax\u00e9es sur la technologie peuvent optimiser la veille r\u00e9glementaire, am\u00e9liorer la prise de d\u00e9cision et g\u00e9n\u00e9rer des r\u00e9sultats de conformit\u00e9 plus judicieux.<\/p>\n<p data-start=\"1477\" data-end=\"1555\">Fa\u00e7onnons ensemble l&#039;avenir des affaires r\u00e9glementaires chez <strong data-start=\"1534\" data-end=\"1552\">RAPS EDTS 2025<\/strong>.<\/p>\n<a href=\"https:\/\/regask.com\/fr\/conference-europeenne-sur-les-technologies-numeriques-et-les-logiciels-raps-2025\/\" target=\"_blank\" class=\"button secondary\" rel=\"noopener\" >\n\t\t<span>Rencontrez RegASK \u00e0 la conf\u00e9rence RAPS EDTS 2025<\/span>\n\t<\/a>","protected":false},"excerpt":{"rendered":"<p>RegASK is proud to participate in the RAPS European Digital Technology &amp; Software Conference (EDTS) 2025, a premier event bringing together regulatory professionals, digital innovators, and industry leaders to explore how technology is transforming the future of healthcare and regulatory affairs. This forward-looking conference offers a dynamic platform to discuss the evolving regulatory landscape across&#8230;<\/p>","protected":false},"author":32,"featured_media":8809,"comment_status":"closed","ping_status":"closed","sticky":false,"template":"","format":"standard","meta":{"_acf_changed":false,"footnotes":""},"categories":[528,562],"tags":[],"class_list":["post-8800","post","type-post","status-publish","format-standard","has-post-thumbnail","hentry","category-company-news","category-netherlands-regulations"],"acf":[],"yoast_head":"<!-- This site is optimized with the Yoast SEO Premium plugin v27.3 (Yoast SEO v27.5) - https:\/\/yoast.com\/product\/yoast-seo-premium-wordpress\/ -->\n<title>RegASK Takes the Stage at RAPS EDTS Conference 2025 | RegASK<\/title>\n<meta name=\"description\" content=\"Explore the future of regulatory practices with RegASK at RAPS EDTS Conference 2025, highlighting AI-driven intelligence.\" \/>\n<meta name=\"robots\" content=\"index, follow, max-snippet:-1, max-image-preview:large, max-video-preview:-1\" \/>\n<link rel=\"canonical\" href=\"https:\/\/regask.com\/fr\/regask-monte-sur-scene-a-la-conference-raps-edts-2025\/\" \/>\n<meta property=\"og:locale\" content=\"fr_FR\" \/>\n<meta property=\"og:type\" content=\"article\" \/>\n<meta property=\"og:title\" content=\"RegASK Takes the Stage at RAPS EDTS Conference 2025\" \/>\n<meta property=\"og:description\" content=\"Explore the future of regulatory practices with RegASK at RAPS EDTS Conference 2025, highlighting AI-driven intelligence.\" \/>\n<meta property=\"og:url\" content=\"https:\/\/regask.com\/fr\/regask-monte-sur-scene-a-la-conference-raps-edts-2025\/\" \/>\n<meta property=\"og:site_name\" content=\"RegASK\" \/>\n<meta property=\"article:publisher\" content=\"https:\/\/www.facebook.com\/RegASKRegulatoryAffairs\/\" \/>\n<meta property=\"article:published_time\" content=\"2025-10-22T04:03:57+00:00\" \/>\n<meta property=\"article:modified_time\" content=\"2025-10-22T04:09:37+00:00\" \/>\n<meta property=\"og:image\" content=\"https:\/\/regask.com\/wp-content\/uploads\/2025\/10\/RAPS-EDTS-Rotterdam-2025-Blog-Post-1.jpg\" \/>\n\t<meta property=\"og:image:width\" content=\"800\" \/>\n\t<meta property=\"og:image:height\" content=\"600\" \/>\n\t<meta property=\"og:image:type\" content=\"image\/jpeg\" \/>\n<meta name=\"author\" content=\"Hannah Nordin\" \/>\n<meta name=\"twitter:card\" content=\"summary_large_image\" \/>\n<meta name=\"twitter:creator\" content=\"@ASKRegASK\" \/>\n<meta name=\"twitter:site\" content=\"@ASKRegASK\" \/>\n<meta name=\"twitter:label1\" content=\"Written by\" \/>\n\t<meta name=\"twitter:data1\" content=\"Hannah Nordin\" \/>\n\t<meta name=\"twitter:label2\" content=\"Est. reading time\" \/>\n\t<meta name=\"twitter:data2\" content=\"2 minutes\" \/>\n<script type=\"application\/ld+json\" class=\"yoast-schema-graph\">{\"@context\":\"https:\\\/\\\/schema.org\",\"@graph\":[{\"@type\":\"Article\",\"@id\":\"https:\\\/\\\/regask.com\\\/regask-takes-the-stage-at-raps-edts-conference-2025\\\/#article\",\"isPartOf\":{\"@id\":\"https:\\\/\\\/regask.com\\\/regask-takes-the-stage-at-raps-edts-conference-2025\\\/\"},\"author\":{\"name\":\"Hannah Nordin\",\"@id\":\"https:\\\/\\\/regask.com\\\/#\\\/schema\\\/person\\\/3a8aaee2c7585284f97ec9e038e36b65\"},\"headline\":\"RegASK Takes the Stage at RAPS EDTS Conference 2025\",\"datePublished\":\"2025-10-22T04:03:57+00:00\",\"dateModified\":\"2025-10-22T04:09:37+00:00\",\"mainEntityOfPage\":{\"@id\":\"https:\\\/\\\/regask.com\\\/regask-takes-the-stage-at-raps-edts-conference-2025\\\/\"},\"wordCount\":232,\"publisher\":{\"@id\":\"https:\\\/\\\/regask.com\\\/#organization\"},\"image\":{\"@id\":\"https:\\\/\\\/regask.com\\\/regask-takes-the-stage-at-raps-edts-conference-2025\\\/#primaryimage\"},\"thumbnailUrl\":\"https:\\\/\\\/regask.com\\\/wp-content\\\/uploads\\\/2025\\\/10\\\/RAPS-EDTS-Rotterdam-2025-Blog-Post-1.jpg\",\"articleSection\":[\"Company News\",\"Netherlands\"],\"inLanguage\":\"fr-FR\"},{\"@type\":\"WebPage\",\"@id\":\"https:\\\/\\\/regask.com\\\/regask-takes-the-stage-at-raps-edts-conference-2025\\\/\",\"url\":\"https:\\\/\\\/regask.com\\\/regask-takes-the-stage-at-raps-edts-conference-2025\\\/\",\"name\":\"RegASK Takes the Stage at RAPS EDTS Conference 2025 | RegASK\",\"isPartOf\":{\"@id\":\"https:\\\/\\\/regask.com\\\/#website\"},\"primaryImageOfPage\":{\"@id\":\"https:\\\/\\\/regask.com\\\/regask-takes-the-stage-at-raps-edts-conference-2025\\\/#primaryimage\"},\"image\":{\"@id\":\"https:\\\/\\\/regask.com\\\/regask-takes-the-stage-at-raps-edts-conference-2025\\\/#primaryimage\"},\"thumbnailUrl\":\"https:\\\/\\\/regask.com\\\/wp-content\\\/uploads\\\/2025\\\/10\\\/RAPS-EDTS-Rotterdam-2025-Blog-Post-1.jpg\",\"datePublished\":\"2025-10-22T04:03:57+00:00\",\"dateModified\":\"2025-10-22T04:09:37+00:00\",\"description\":\"Explore the future of regulatory practices with RegASK at RAPS EDTS Conference 2025, highlighting AI-driven intelligence.\",\"inLanguage\":\"fr-FR\",\"potentialAction\":[{\"@type\":\"ReadAction\",\"target\":[\"https:\\\/\\\/regask.com\\\/regask-takes-the-stage-at-raps-edts-conference-2025\\\/\"]}]},{\"@type\":\"ImageObject\",\"inLanguage\":\"fr-FR\",\"@id\":\"https:\\\/\\\/regask.com\\\/regask-takes-the-stage-at-raps-edts-conference-2025\\\/#primaryimage\",\"url\":\"https:\\\/\\\/regask.com\\\/wp-content\\\/uploads\\\/2025\\\/10\\\/RAPS-EDTS-Rotterdam-2025-Blog-Post-1.jpg\",\"contentUrl\":\"https:\\\/\\\/regask.com\\\/wp-content\\\/uploads\\\/2025\\\/10\\\/RAPS-EDTS-Rotterdam-2025-Blog-Post-1.jpg\",\"width\":800,\"height\":600,\"caption\":\"Raps Edts Rotterdam 2025 Blog Post 1\"},{\"@type\":\"WebSite\",\"@id\":\"https:\\\/\\\/regask.com\\\/#website\",\"url\":\"https:\\\/\\\/regask.com\\\/\",\"name\":\"RegASK\",\"description\":\"Empowering Smarter Regulatory Decisions\",\"publisher\":{\"@id\":\"https:\\\/\\\/regask.com\\\/#organization\"},\"potentialAction\":[{\"@type\":\"SearchAction\",\"target\":{\"@type\":\"EntryPoint\",\"urlTemplate\":\"https:\\\/\\\/regask.com\\\/?s={search_term_string}\"},\"query-input\":{\"@type\":\"PropertyValueSpecification\",\"valueRequired\":true,\"valueName\":\"search_term_string\"}}],\"inLanguage\":\"fr-FR\"},{\"@type\":\"Organization\",\"@id\":\"https:\\\/\\\/regask.com\\\/#organization\",\"name\":\"RegASK\",\"url\":\"https:\\\/\\\/regask.com\\\/\",\"logo\":{\"@type\":\"ImageObject\",\"inLanguage\":\"fr-FR\",\"@id\":\"https:\\\/\\\/regask.com\\\/#\\\/schema\\\/logo\\\/image\\\/\",\"url\":\"https:\\\/\\\/regask.com\\\/wp-content\\\/uploads\\\/2024\\\/10\\\/RegASK-Logo-Dark-Round.png\",\"contentUrl\":\"https:\\\/\\\/regask.com\\\/wp-content\\\/uploads\\\/2024\\\/10\\\/RegASK-Logo-Dark-Round.png\",\"width\":401,\"height\":401,\"caption\":\"RegASK\"},\"image\":{\"@id\":\"https:\\\/\\\/regask.com\\\/#\\\/schema\\\/logo\\\/image\\\/\"},\"sameAs\":[\"https:\\\/\\\/www.facebook.com\\\/RegASKRegulatoryAffairs\\\/\",\"https:\\\/\\\/x.com\\\/ASKRegASK\",\"https:\\\/\\\/www.linkedin.com\\\/company\\\/RegASK\\\/\",\"https:\\\/\\\/www.youtube.com\\\/@RegASK\"]},{\"@type\":\"Person\",\"@id\":\"https:\\\/\\\/regask.com\\\/#\\\/schema\\\/person\\\/3a8aaee2c7585284f97ec9e038e36b65\",\"name\":\"Hannah Nordin\",\"sameAs\":[\"https:\\\/\\\/regask.com\"]}]}<\/script>\n<!-- \/ Yoast SEO Premium plugin. -->","yoast_head_json":{"title":"RegASK en vedette \u00e0 la conf\u00e9rence RAPS EDTS 2025 | RegASK","description":"Explorez l&#039;avenir des pratiques r\u00e9glementaires avec RegASK lors de la conf\u00e9rence RAPS EDTS 2025, mettant en lumi\u00e8re l&#039;intelligence pilot\u00e9e par l&#039;IA.","robots":{"index":"index","follow":"follow","max-snippet":"max-snippet:-1","max-image-preview":"max-image-preview:large","max-video-preview":"max-video-preview:-1"},"canonical":"https:\/\/regask.com\/fr\/regask-monte-sur-scene-a-la-conference-raps-edts-2025\/","og_locale":"fr_FR","og_type":"article","og_title":"RegASK Takes the Stage at RAPS EDTS Conference 2025","og_description":"Explore the future of regulatory practices with RegASK at RAPS EDTS Conference 2025, highlighting AI-driven intelligence.","og_url":"https:\/\/regask.com\/fr\/regask-monte-sur-scene-a-la-conference-raps-edts-2025\/","og_site_name":"RegASK","article_publisher":"https:\/\/www.facebook.com\/RegASKRegulatoryAffairs\/","article_published_time":"2025-10-22T04:03:57+00:00","article_modified_time":"2025-10-22T04:09:37+00:00","og_image":[{"width":800,"height":600,"url":"https:\/\/regask.com\/wp-content\/uploads\/2025\/10\/RAPS-EDTS-Rotterdam-2025-Blog-Post-1.jpg","type":"image\/jpeg"}],"author":"Hannah Nordin","twitter_card":"summary_large_image","twitter_creator":"@ASKRegASK","twitter_site":"@ASKRegASK","twitter_misc":{"Written by":"Hannah Nordin","Est. reading time":"2 minutes"},"schema":{"@context":"https:\/\/schema.org","@graph":[{"@type":"Article","@id":"https:\/\/regask.com\/regask-takes-the-stage-at-raps-edts-conference-2025\/#article","isPartOf":{"@id":"https:\/\/regask.com\/regask-takes-the-stage-at-raps-edts-conference-2025\/"},"author":{"name":"Hannah Nordin","@id":"https:\/\/regask.com\/#\/schema\/person\/3a8aaee2c7585284f97ec9e038e36b65"},"headline":"RegASK Takes the Stage at RAPS EDTS Conference 2025","datePublished":"2025-10-22T04:03:57+00:00","dateModified":"2025-10-22T04:09:37+00:00","mainEntityOfPage":{"@id":"https:\/\/regask.com\/regask-takes-the-stage-at-raps-edts-conference-2025\/"},"wordCount":232,"publisher":{"@id":"https:\/\/regask.com\/#organization"},"image":{"@id":"https:\/\/regask.com\/regask-takes-the-stage-at-raps-edts-conference-2025\/#primaryimage"},"thumbnailUrl":"https:\/\/regask.com\/wp-content\/uploads\/2025\/10\/RAPS-EDTS-Rotterdam-2025-Blog-Post-1.jpg","articleSection":["Company News","Netherlands"],"inLanguage":"fr-FR"},{"@type":"WebPage","@id":"https:\/\/regask.com\/regask-takes-the-stage-at-raps-edts-conference-2025\/","url":"https:\/\/regask.com\/regask-takes-the-stage-at-raps-edts-conference-2025\/","name":"RegASK en vedette \u00e0 la conf\u00e9rence RAPS EDTS 2025 | RegASK","isPartOf":{"@id":"https:\/\/regask.com\/#website"},"primaryImageOfPage":{"@id":"https:\/\/regask.com\/regask-takes-the-stage-at-raps-edts-conference-2025\/#primaryimage"},"image":{"@id":"https:\/\/regask.com\/regask-takes-the-stage-at-raps-edts-conference-2025\/#primaryimage"},"thumbnailUrl":"https:\/\/regask.com\/wp-content\/uploads\/2025\/10\/RAPS-EDTS-Rotterdam-2025-Blog-Post-1.jpg","datePublished":"2025-10-22T04:03:57+00:00","dateModified":"2025-10-22T04:09:37+00:00","description":"Explorez l&#039;avenir des pratiques r\u00e9glementaires avec RegASK lors de la conf\u00e9rence RAPS EDTS 2025, mettant en lumi\u00e8re l&#039;intelligence pilot\u00e9e par l&#039;IA.","inLanguage":"fr-FR","potentialAction":[{"@type":"ReadAction","target":["https:\/\/regask.com\/regask-takes-the-stage-at-raps-edts-conference-2025\/"]}]},{"@type":"ImageObject","inLanguage":"fr-FR","@id":"https:\/\/regask.com\/regask-takes-the-stage-at-raps-edts-conference-2025\/#primaryimage","url":"https:\/\/regask.com\/wp-content\/uploads\/2025\/10\/RAPS-EDTS-Rotterdam-2025-Blog-Post-1.jpg","contentUrl":"https:\/\/regask.com\/wp-content\/uploads\/2025\/10\/RAPS-EDTS-Rotterdam-2025-Blog-Post-1.jpg","width":800,"height":600,"caption":"Raps Edts Rotterdam 2025 Blog Post 1"},{"@type":"WebSite","@id":"https:\/\/regask.com\/#website","url":"https:\/\/regask.com\/","name":"RegASK","description":"Favoriser des d\u00e9cisions r\u00e9glementaires plus intelligentes","publisher":{"@id":"https:\/\/regask.com\/#organization"},"potentialAction":[{"@type":"SearchAction","target":{"@type":"EntryPoint","urlTemplate":"https:\/\/regask.com\/?s={search_term_string}"},"query-input":{"@type":"PropertyValueSpecification","valueRequired":true,"valueName":"search_term_string"}}],"inLanguage":"fr-FR"},{"@type":"Organization","@id":"https:\/\/regask.com\/#organization","name":"RegASK","url":"https:\/\/regask.com\/","logo":{"@type":"ImageObject","inLanguage":"fr-FR","@id":"https:\/\/regask.com\/#\/schema\/logo\/image\/","url":"https:\/\/regask.com\/wp-content\/uploads\/2024\/10\/RegASK-Logo-Dark-Round.png","contentUrl":"https:\/\/regask.com\/wp-content\/uploads\/2024\/10\/RegASK-Logo-Dark-Round.png","width":401,"height":401,"caption":"RegASK"},"image":{"@id":"https:\/\/regask.com\/#\/schema\/logo\/image\/"},"sameAs":["https:\/\/www.facebook.com\/RegASKRegulatoryAffairs\/","https:\/\/x.com\/ASKRegASK","https:\/\/www.linkedin.com\/company\/RegASK\/","https:\/\/www.youtube.com\/@RegASK"]},{"@type":"Person","@id":"https:\/\/regask.com\/#\/schema\/person\/3a8aaee2c7585284f97ec9e038e36b65","name":"Hannah Nordin","sameAs":["https:\/\/regask.com"]}]}},"_links":{"self":[{"href":"https:\/\/regask.com\/fr\/wp-json\/wp\/v2\/posts\/8800","targetHints":{"allow":["GET"]}}],"collection":[{"href":"https:\/\/regask.com\/fr\/wp-json\/wp\/v2\/posts"}],"about":[{"href":"https:\/\/regask.com\/fr\/wp-json\/wp\/v2\/types\/post"}],"author":[{"embeddable":true,"href":"https:\/\/regask.com\/fr\/wp-json\/wp\/v2\/users\/32"}],"replies":[{"embeddable":true,"href":"https:\/\/regask.com\/fr\/wp-json\/wp\/v2\/comments?post=8800"}],"version-history":[{"count":0,"href":"https:\/\/regask.com\/fr\/wp-json\/wp\/v2\/posts\/8800\/revisions"}],"wp:featuredmedia":[{"embeddable":true,"href":"https:\/\/regask.com\/fr\/wp-json\/wp\/v2\/media\/8809"}],"wp:attachment":[{"href":"https:\/\/regask.com\/fr\/wp-json\/wp\/v2\/media?parent=8800"}],"wp:term":[{"taxonomy":"category","embeddable":true,"href":"https:\/\/regask.com\/fr\/wp-json\/wp\/v2\/categories?post=8800"},{"taxonomy":"post_tag","embeddable":true,"href":"https:\/\/regask.com\/fr\/wp-json\/wp\/v2\/tags?post=8800"}],"curies":[{"name":"wp","href":"https:\/\/api.w.org\/{rel}","templated":true}]}}