{"id":9297,"date":"2025-12-02T15:36:03","date_gmt":"2025-12-02T07:36:03","guid":{"rendered":"https:\/\/regask.com\/?p=9297"},"modified":"2025-12-08T16:30:36","modified_gmt":"2025-12-08T08:30:36","slug":"le-conseil-de-lue-approuve-le-report-a-2028-des-echeances-relatives-a-lemballage-et-a-letiquetage-des-produits-chimiques","status":"publish","type":"post","link":"https:\/\/regask.com\/fr\/eu-council-approves-postponement-of-chemical-packaging-and-labelling-deadlines-to-2028\/","title":{"rendered":"Le Conseil de l&#039;UE approuve le report de la r\u00e9glementation sur les emballages chimiques\u2026"},"content":{"rendered":"<p>Le 17 novembre 2025, <strong><a href=\"https:\/\/www.consilium.europa.eu\/en\/council-eu\/\">Conseil de l&#039;Union europ\u00e9enne<\/a><\/strong> a approuv\u00e9 un r\u00e8glement reportant plusieurs \u00e9ch\u00e9ances de mise en conformit\u00e9 \u00e0 venir en vertu de la version r\u00e9vis\u00e9e <strong>R\u00e8glement (CE) n\u00b0 1272\/2008 relatif \u00e0 la classification, \u00e0 l\u2019\u00e9tiquetage et \u00e0 l\u2019emballage (CLP).<\/strong> La d\u00e9cision prolonge les dates d&#039;application des principales dispositions transitoires \u00e0 <strong>1er janvier 2028,<\/strong> offrir aux entreprises davantage de temps et une plus grande s\u00e9curit\u00e9 juridique pour se pr\u00e9parer aux nouvelles exigences relatives aux produits chimiques sur le march\u00e9 int\u00e9rieur de l&#039;UE.<\/p>\n<div class=\"row\"  id=\"row-595765325\">\n\n\t<div id=\"col-1776830734\" class=\"col small-12 large-12\"  >\n\t\t\t\t<div class=\"col-inner\"  >\n\t\t\t\n\t\t\t\n<h2>R\u00e9sum\u00e9 de la mise \u00e0 jour<\/h2>\n\t<div id=\"gap-1000541785\" class=\"gap-element clearfix\" style=\"display:block; height:auto;\">\n\t\t\n<style>\n#gap-1000541785 {\n  padding-top: 15px;\n}\n<\/style>\n\t<\/div>\n\t\n<p>Le r\u00e8glement nouvellement approuv\u00e9 retarde l&#039;application des exigences transitoires relatives \u00e0 <strong>r\u00e9\u00e9tiquetage, normes de formatage obligatoires, r\u00e8gles publicitaires, obligations en mati\u00e8re de vente en ligne et \u00e0 distance,<\/strong> et <strong>\u00c9tiquetage de la pompe \u00e0 carburant.<\/strong> Ce report concerne les fabricants de produits chimiques, les distributeurs et les PME op\u00e9rant dans le secteur chimique de l&#039;UE.<\/p>\n\t\t<\/div>\n\t\t\t\t\n<style>\n#col-1776830734 > .col-inner {\n  margin: 0px 0px -20px 0px;\n}\n<\/style>\n\t<\/div>\n\n\t\n\n\t<div id=\"col-912414814\" class=\"col small-12 large-12\"  >\n\t\t\t\t<div class=\"col-inner\"  >\n\t\t\t\n\t\t\t\n<h2>Nouveaut\u00e9s<\/h2>\n\t<div id=\"gap-1777882058\" class=\"gap-element clearfix\" style=\"display:block; height:auto;\">\n\t\t\n<style>\n#gap-1777882058 {\n  padding-top: 15px;\n}\n<\/style>\n\t<\/div>\n\t\n<p>L&#039;approbation du Conseil d\u00e9cale les dates de mise en conformit\u00e9 pr\u00e9c\u00e9demment fix\u00e9es pour <strong>1er juillet 2026 <\/strong>et<strong> 1er janvier 2027<\/strong> \u00e0 une date limite consolid\u00e9e de <strong>1er janvier 2028.<\/strong> Cette mise \u00e0 jour concerne les dispositions relatives \u00e0 l&#039;emballage des produits chimiques, aux formats d&#039;\u00e9tiquetage, \u00e0 la publicit\u00e9 destin\u00e9e aux consommateurs, \u00e0 la conformit\u00e9 des plateformes de vente en ligne et aux exigences de communication sur les pompes \u00e0 carburant. La loi entrera en vigueur. <strong>vingt jours apr\u00e8s sa publication<\/strong> au Journal officiel de l&#039;UE.<\/p>\n\t\t<\/div>\n\t\t\t\t\n<style>\n#col-912414814 > .col-inner {\n  margin: 0px 0px -20px 0px;\n}\n<\/style>\n\t<\/div>\n\n\t\n\n\t<div id=\"col-217282299\" class=\"col small-12 large-12\"  >\n\t\t\t\t<div class=\"col-inner\"  >\n\t\t\t\n\t\t\t\n<h2>Date limite de retour d&#039;information<\/h2>\n\t<div id=\"gap-1639166503\" class=\"gap-element clearfix\" style=\"display:block; height:auto;\">\n\t\t\n<style>\n#gap-1639166503 {\n  padding-top: 15px;\n}\n<\/style>\n\t<\/div>\n\t\n<p>Il n&#039;y a pas <strong>date limite pour les commentaires<\/strong> associ\u00e9e \u00e0 cette mesure r\u00e9glementaire.<\/p>\n\t\t<\/div>\n\t\t\t\t\n<style>\n#col-217282299 > .col-inner {\n  margin: 0px 0px -20px 0px;\n}\n<\/style>\n\t<\/div>\n\n\t\n\n\t<div id=\"col-1077439900\" class=\"col small-12 large-12\"  >\n\t\t\t\t<div class=\"col-inner\"  >\n\t\t\t\n\t\t\t\n<h2>Pourquoi c&#039;est important<\/h2>\n\t<div id=\"gap-1159022985\" class=\"gap-element clearfix\" style=\"display:block; height:auto;\">\n\t\t\n<style>\n#gap-1159022985 {\n  padding-top: 15px;\n}\n<\/style>\n\t<\/div>\n\t\n<p>Ce report offre aux entreprises davantage de temps pour g\u00e9rer les changements op\u00e9rationnels, mettre \u00e0 jour les \u00e9tiquettes des produits et adapter les formats d&#039;emballage sans la pression d&#039;\u00e9ch\u00e9ances imminentes. Il apporte une clart\u00e9 juridique lors de la transition vers le cadre CLP r\u00e9vis\u00e9 et favorise une mise en \u0153uvre plus efficace, notamment pour les PME qui doivent concilier de multiples obligations de conformit\u00e9 sur les canaux de vente physiques et num\u00e9riques.<\/p>\n\t\t<\/div>\n\t\t\t\t\n<style>\n#col-1077439900 > .col-inner {\n  margin: 0px 0px -20px 0px;\n}\n<\/style>\n\t<\/div>\n\n\t\n\n\t<div id=\"col-1260872663\" class=\"col small-12 large-12\"  >\n\t\t\t\t<div class=\"col-inner\"  >\n\t\t\t\n\t\t\t\n<h2>Qui est concern\u00e9 par cette mise \u00e0 jour ?<\/h2>\n\t<div id=\"gap-1062364090\" class=\"gap-element clearfix\" style=\"display:block; height:auto;\">\n\t\t\n<style>\n#gap-1062364090 {\n  padding-top: 15px;\n}\n<\/style>\n\t<\/div>\n\t\n<p>Cette modification r\u00e9glementaire concerne <strong>affaires r\u00e9glementaires, assurance qualit\u00e9, \u00e9quipes d&#039;emballage, fabricants de produits chimiques, distributeurs,<\/strong> et <strong>\u00e9quipes de conformit\u00e9 du commerce \u00e9lectronique,<\/strong> et plus particuli\u00e8rement ceux qui sont responsables de l&#039;\u00e9tiquetage, des processus de vente en ligne et de la communication avec les consommateurs.<\/p>\n\t\t<\/div>\n\t\t\t\t\n<style>\n#col-1260872663 > .col-inner {\n  margin: 0px 0px -20px 0px;\n}\n<\/style>\n\t<\/div>\n\n\t\n\n\t<div id=\"col-941972663\" class=\"col small-12 large-12\"  >\n\t\t\t\t<div class=\"col-inner\"  >\n\t\t\t\n\t\t\t\n<h2>Prochaines \u00e9tapes pour les parties prenantes<\/h2>\n\t<div id=\"gap-537793122\" class=\"gap-element clearfix\" style=\"display:block; height:auto;\">\n\t\t\n<style>\n#gap-537793122 {\n  padding-top: 15px;\n}\n<\/style>\n\t<\/div>\n\t\n<p>Les organisations devraient revoir leurs feuilles de route de conformit\u00e9 existantes et r\u00e9aligner leurs activit\u00e9s sur les nouvelles exigences. <strong>1er janvier 2028<\/strong> Dans les d\u00e9lais impartis, les examens internes devront porter sur les processus de r\u00e9\u00e9tiquetage, les mises \u00e0 jour des formats d&#039;emballage, les supports publicitaires, la conformit\u00e9 des ventes en ligne et les flux de communication relatifs aux pompes \u00e0 carburant, afin de garantir une mise en \u0153uvre rapide d\u00e8s l&#039;entr\u00e9e en vigueur des dispositions r\u00e9vis\u00e9es.<\/p>\n<p>Pour aider les \u00e9quipes \u00e0 suivre l&#039;\u00e9volution de la r\u00e9glementation chimique et \u00e0 planifier en toute confiance, les entreprises peuvent tirer parti de solutions avanc\u00e9es de veille r\u00e9glementaire.<\/p>\n<p><a href=\"https:\/\/regask.com\/fr\/\">RegASK<\/a> est une plateforme de pointe d&#039;intelligence r\u00e9glementaire et d&#039;orchestration des flux de travail bas\u00e9e sur l&#039;IA agentique, qui permet aux organisations internationales des secteurs fortement r\u00e9glement\u00e9s, tels que les produits de consommation et les sciences de la vie, d&#039;anticiper les complexit\u00e9s r\u00e9glementaires. En combinant une IA agentique avanc\u00e9e et l&#039;expertise de sp\u00e9cialistes, <a href=\"https:\/\/regask.com\/fr\/\">RegASK<\/a> Elle fournit des informations pr\u00e9dictives exploitables en temps opportun et une automatisation de bout en bout, rationalisant les processus de conformit\u00e9, att\u00e9nuant les risques et acc\u00e9l\u00e9rant l&#039;acc\u00e8s au march\u00e9 dans plus de 157 pays.<\/p>\n<p><strong><a href=\"https:\/\/regask.com\/fr\/produit\/\">En savoir plus<\/a><\/strong> ou <strong><a href=\"https:\/\/regask.com\/fr\/reserver-une-demo\/\">r\u00e9servez une d\u00e9mo maintenant.<\/a><\/strong><\/p>\n\t\t<\/div>\n\t\t\t\t\n<style>\n#col-941972663 > .col-inner {\n  margin: 0px 0px -20px 0px;\n}\n<\/style>\n\t<\/div>\n\n\t\n<\/div>\n<div class=\"row\"  id=\"row-642003816\">\n\n\t<div id=\"col-689922194\" class=\"col small-12 large-12\"  >\n\t\t\t\t<div class=\"col-inner\"  >\n\t\t\t\n\t\t\t\n<div class=\"is-divider divider clearfix\" style=\"margin-top:2em;margin-bottom:2em;max-width:20%;height:1px;background-color:#a5acd9;\"><\/div>\n<h2>FAQ<\/h2>\n\t<div id=\"gap-1287672251\" class=\"gap-element clearfix\" style=\"display:block; height:auto;\">\n\t\t\n<style>\n#gap-1287672251 {\n  padding-top: 10px;\n}\n<\/style>\n\t<\/div>\n\t\n<h4>Qu\u2019est-ce qui est report\u00e9 en vertu du r\u00e8glement CLP r\u00e9vis\u00e9 de l\u2019UE\u00a0?<\/h4>\n\t<div id=\"gap-1749995067\" class=\"gap-element clearfix\" style=\"display:block; height:auto;\">\n\t\t\n<style>\n#gap-1749995067 {\n  padding-top: 10px;\n}\n<\/style>\n\t<\/div>\n\t\n<p>Le report concerne les dispositions transitoires relatives \u00e0 <strong>r\u00e9\u00e9tiquetage, normes de formatage, r\u00e8gles publicitaires, conformit\u00e9 des ventes en ligne et \u00e0 distance,<\/strong> et <strong>\u00c9tiquetage des pompes \u00e0 carburant,<\/strong> tout a \u00e9t\u00e9 report\u00e9 \u00e0 une date limite de <strong>1er janvier 2028.<\/strong><\/p>\n\t\t<\/div>\n\t\t\t\t\n<style>\n#col-689922194 > .col-inner {\n  margin: 0px 0px -20px 0px;\n}\n<\/style>\n\t<\/div>\n\n\t\n\n\t<div id=\"col-139676316\" class=\"col small-12 large-12\"  >\n\t\t\t\t<div class=\"col-inner\"  >\n\t\t\t\n\t\t\t\n<h4>Quand la loi entrera-t-elle en vigueur\u00a0?<\/h4>\n\t<div id=\"gap-402226107\" class=\"gap-element clearfix\" style=\"display:block; height:auto;\">\n\t\t\n<style>\n#gap-402226107 {\n  padding-top: 10px;\n}\n<\/style>\n\t<\/div>\n\t\n<p>Elle entrera en vigueur<strong> vingt jours apr\u00e8s la publication<\/strong> au Journal officiel de l&#039;UE.<\/p>\n\t\t<\/div>\n\t\t\t\t\n<style>\n#col-139676316 > .col-inner {\n  margin: 0px 0px -20px 0px;\n}\n<\/style>\n\t<\/div>\n\n\t\n\n\t<div id=\"col-455937685\" class=\"col small-12 large-12\"  >\n\t\t\t\t<div class=\"col-inner\"  >\n\t\t\t\n\t\t\t\n<h4><span class=\"TextRun MacChromeBold SCXW13357358 BCX0\" lang=\"EN-US\" xml:lang=\"EN-US\" data-contrast=\"auto\"><span class=\"NormalTextRun SCXW13357358 BCX0\">Qui est concern\u00e9 par la prolongation du d\u00e9lai CLP\u00a0?<\/span><\/span><\/h4>\n\t<div id=\"gap-1444099961\" class=\"gap-element clearfix\" style=\"display:block; height:auto;\">\n\t\t\n<style>\n#gap-1444099961 {\n  padding-top: 10px;\n}\n<\/style>\n\t<\/div>\n\t\n<p>Les fabricants de produits chimiques, les distributeurs et les PME op\u00e9rant au sein du march\u00e9 int\u00e9rieur de l&#039;UE sont concern\u00e9s, ainsi que les \u00e9quipes d&#039;emballage et de r\u00e9glementation charg\u00e9es de la mise en \u0153uvre des exigences du r\u00e8glement CLP.<\/p>\n\t\t<\/div>\n\t\t\t\t\n<style>\n#col-455937685 > .col-inner {\n  margin: 0px 0px -20px 0px;\n}\n<\/style>\n\t<\/div>\n\n\t\n\n\t<div id=\"col-1940413765\" class=\"col small-12 large-12\"  >\n\t\t\t\t<div class=\"col-inner\"  >\n\t\t\t\n\t\t\t\n<h4>Comment RegASK peut-il aider les organisations \u00e0 g\u00e9rer les changements li\u00e9s aux CLP\u00a0?<\/h4>\n\t<div id=\"gap-1451485721\" class=\"gap-element clearfix\" style=\"display:block; height:auto;\">\n\t\t\n<style>\n#gap-1451485721 {\n  padding-top: 10px;\n}\n<\/style>\n\t<\/div>\n\t\n<p><a href=\"https:\/\/regask.com\/fr\/\">RegASK<\/a> fournit <strong>Renseignements r\u00e9glementaires pilot\u00e9s par l&#039;IA,<\/strong> permettre aux entreprises de suivre les changements r\u00e9glementaires tels que le report du CLP, d&#039;\u00e9valuer les impacts op\u00e9rationnels et de s&#039;adapter aux flux de travail de conformit\u00e9 mondiaux gr\u00e2ce \u00e0 des informations opportunes et une surveillance automatis\u00e9e.<\/p>\n\t\t<\/div>\n\t\t\t\t\n<style>\n#col-1940413765 > .col-inner {\n  margin: 0px 0px -20px 0px;\n}\n<\/style>\n\t<\/div>\n\n\t\n<\/div>","protected":false},"excerpt":{"rendered":"<p>On 17 November 2025, the Council of the European Union approved a regulation postponing several upcoming compliance deadlines under the revised Classification, Labelling, and Packaging (CLP) Regulation (EC) 1272\/2008. The decision extends the application dates for key transitional provisions to 1 January 2028, offering businesses additional time and greater legal certainty as they prepare for&#8230;<\/p>","protected":false},"author":41,"featured_media":9300,"comment_status":"closed","ping_status":"closed","sticky":false,"template":"","format":"standard","meta":{"_acf_changed":false,"footnotes":""},"categories":[33,34,35],"tags":[],"class_list":["post-9297","post","type-post","status-publish","format-standard","has-post-thumbnail","hentry","category-news","category-food-beverage-insights","category-pharma-biotech-latest-insights"],"acf":[],"yoast_head":"<!-- This site is optimized with the Yoast SEO Premium plugin v27.3 (Yoast SEO v27.5) - https:\/\/yoast.com\/product\/yoast-seo-premium-wordpress\/ -->\n<title>EU Council Approves Postponement of Chemical Packaging<\/title>\n<meta name=\"description\" content=\"EU Council approves the postponement of chemical packaging and labelling deadlines to 2028, easing compliance for businesses.\" \/>\n<meta name=\"robots\" content=\"index, follow, max-snippet:-1, max-image-preview:large, max-video-preview:-1\" \/>\n<link rel=\"canonical\" href=\"https:\/\/regask.com\/fr\/le-conseil-de-lue-approuve-le-report-a-2028-des-echeances-relatives-a-lemballage-et-a-letiquetage-des-produits-chimiques\/\" \/>\n<meta property=\"og:locale\" content=\"fr_FR\" \/>\n<meta property=\"og:type\" content=\"article\" \/>\n<meta property=\"og:title\" content=\"EU Council Approves Postponement of Chemical Packaging and Labelling Deadlines to 2028\" \/>\n<meta property=\"og:description\" content=\"EU Council approves the postponement of chemical packaging and labelling deadlines to 2028, easing compliance for businesses.\" \/>\n<meta property=\"og:url\" content=\"https:\/\/regask.com\/fr\/le-conseil-de-lue-approuve-le-report-a-2028-des-echeances-relatives-a-lemballage-et-a-letiquetage-des-produits-chimiques\/\" \/>\n<meta property=\"og:site_name\" content=\"RegASK\" \/>\n<meta property=\"article:publisher\" content=\"https:\/\/www.facebook.com\/RegASKRegulatoryAffairs\/\" \/>\n<meta property=\"article:published_time\" content=\"2025-12-02T07:36:03+00:00\" \/>\n<meta property=\"article:modified_time\" content=\"2025-12-08T08:30:36+00:00\" \/>\n<meta property=\"og:image\" content=\"https:\/\/regask.com\/wp-content\/uploads\/2025\/12\/eu-council-approves-postponement-chemical-packaging-labelling-deadlines-2028.png\" \/>\n\t<meta property=\"og:image:width\" content=\"800\" \/>\n\t<meta property=\"og:image:height\" content=\"600\" \/>\n\t<meta property=\"og:image:type\" content=\"image\/png\" \/>\n<meta name=\"author\" content=\"Shaffa Renaningtyas\" \/>\n<meta name=\"twitter:card\" content=\"summary_large_image\" \/>\n<meta name=\"twitter:creator\" content=\"@ASKRegASK\" \/>\n<meta name=\"twitter:site\" content=\"@ASKRegASK\" \/>\n<meta name=\"twitter:label1\" content=\"Written by\" \/>\n\t<meta name=\"twitter:data1\" content=\"Shaffa Renaningtyas\" \/>\n\t<meta name=\"twitter:label2\" content=\"Est. reading time\" \/>\n\t<meta name=\"twitter:data2\" content=\"4 minutes\" \/>\n<script type=\"application\/ld+json\" class=\"yoast-schema-graph\">{\"@context\":\"https:\\\/\\\/schema.org\",\"@graph\":[{\"@type\":\"Article\",\"@id\":\"https:\\\/\\\/regask.com\\\/eu-council-approves-postponement-of-chemical-packaging-and-labelling-deadlines-to-2028\\\/#article\",\"isPartOf\":{\"@id\":\"https:\\\/\\\/regask.com\\\/eu-council-approves-postponement-of-chemical-packaging-and-labelling-deadlines-to-2028\\\/\"},\"author\":{\"name\":\"Shaffa Renaningtyas\",\"@id\":\"https:\\\/\\\/regask.com\\\/#\\\/schema\\\/person\\\/b0e1938ef6f244f9f052a21f21cba1b6\"},\"headline\":\"EU Council Approves Postponement of Chemical Packaging &hellip;\",\"datePublished\":\"2025-12-02T07:36:03+00:00\",\"dateModified\":\"2025-12-08T08:30:36+00:00\",\"mainEntityOfPage\":{\"@id\":\"https:\\\/\\\/regask.com\\\/eu-council-approves-postponement-of-chemical-packaging-and-labelling-deadlines-to-2028\\\/\"},\"wordCount\":728,\"publisher\":{\"@id\":\"https:\\\/\\\/regask.com\\\/#organization\"},\"image\":{\"@id\":\"https:\\\/\\\/regask.com\\\/eu-council-approves-postponement-of-chemical-packaging-and-labelling-deadlines-to-2028\\\/#primaryimage\"},\"thumbnailUrl\":\"https:\\\/\\\/regask.com\\\/wp-content\\\/uploads\\\/2025\\\/12\\\/eu-council-approves-postponement-chemical-packaging-labelling-deadlines-2028.png\",\"articleSection\":[\"Regulatory News\",\"Food and Nutrition\",\"Pharma and Biotech\"],\"inLanguage\":\"fr-FR\"},{\"@type\":\"WebPage\",\"@id\":\"https:\\\/\\\/regask.com\\\/eu-council-approves-postponement-of-chemical-packaging-and-labelling-deadlines-to-2028\\\/\",\"url\":\"https:\\\/\\\/regask.com\\\/eu-council-approves-postponement-of-chemical-packaging-and-labelling-deadlines-to-2028\\\/\",\"name\":\"EU Council Approves Postponement of Chemical Packaging\",\"isPartOf\":{\"@id\":\"https:\\\/\\\/regask.com\\\/#website\"},\"primaryImageOfPage\":{\"@id\":\"https:\\\/\\\/regask.com\\\/eu-council-approves-postponement-of-chemical-packaging-and-labelling-deadlines-to-2028\\\/#primaryimage\"},\"image\":{\"@id\":\"https:\\\/\\\/regask.com\\\/eu-council-approves-postponement-of-chemical-packaging-and-labelling-deadlines-to-2028\\\/#primaryimage\"},\"thumbnailUrl\":\"https:\\\/\\\/regask.com\\\/wp-content\\\/uploads\\\/2025\\\/12\\\/eu-council-approves-postponement-chemical-packaging-labelling-deadlines-2028.png\",\"datePublished\":\"2025-12-02T07:36:03+00:00\",\"dateModified\":\"2025-12-08T08:30:36+00:00\",\"description\":\"EU Council approves the postponement of chemical packaging and labelling deadlines to 2028, easing compliance for businesses.\",\"inLanguage\":\"fr-FR\",\"potentialAction\":[{\"@type\":\"ReadAction\",\"target\":[\"https:\\\/\\\/regask.com\\\/eu-council-approves-postponement-of-chemical-packaging-and-labelling-deadlines-to-2028\\\/\"]}]},{\"@type\":\"ImageObject\",\"inLanguage\":\"fr-FR\",\"@id\":\"https:\\\/\\\/regask.com\\\/eu-council-approves-postponement-of-chemical-packaging-and-labelling-deadlines-to-2028\\\/#primaryimage\",\"url\":\"https:\\\/\\\/regask.com\\\/wp-content\\\/uploads\\\/2025\\\/12\\\/eu-council-approves-postponement-chemical-packaging-labelling-deadlines-2028.png\",\"contentUrl\":\"https:\\\/\\\/regask.com\\\/wp-content\\\/uploads\\\/2025\\\/12\\\/eu-council-approves-postponement-chemical-packaging-labelling-deadlines-2028.png\",\"width\":800,\"height\":600,\"caption\":\"Eu Council Approves Postponement Chemical Packaging Labelling Deadlines 2028\"},{\"@type\":\"WebSite\",\"@id\":\"https:\\\/\\\/regask.com\\\/#website\",\"url\":\"https:\\\/\\\/regask.com\\\/\",\"name\":\"RegASK\",\"description\":\"Empowering Smarter Regulatory Decisions\",\"publisher\":{\"@id\":\"https:\\\/\\\/regask.com\\\/#organization\"},\"potentialAction\":[{\"@type\":\"SearchAction\",\"target\":{\"@type\":\"EntryPoint\",\"urlTemplate\":\"https:\\\/\\\/regask.com\\\/?s={search_term_string}\"},\"query-input\":{\"@type\":\"PropertyValueSpecification\",\"valueRequired\":true,\"valueName\":\"search_term_string\"}}],\"inLanguage\":\"fr-FR\"},{\"@type\":\"Organization\",\"@id\":\"https:\\\/\\\/regask.com\\\/#organization\",\"name\":\"RegASK\",\"url\":\"https:\\\/\\\/regask.com\\\/\",\"logo\":{\"@type\":\"ImageObject\",\"inLanguage\":\"fr-FR\",\"@id\":\"https:\\\/\\\/regask.com\\\/#\\\/schema\\\/logo\\\/image\\\/\",\"url\":\"https:\\\/\\\/regask.com\\\/wp-content\\\/uploads\\\/2024\\\/10\\\/RegASK-Logo-Dark-Round.png\",\"contentUrl\":\"https:\\\/\\\/regask.com\\\/wp-content\\\/uploads\\\/2024\\\/10\\\/RegASK-Logo-Dark-Round.png\",\"width\":401,\"height\":401,\"caption\":\"RegASK\"},\"image\":{\"@id\":\"https:\\\/\\\/regask.com\\\/#\\\/schema\\\/logo\\\/image\\\/\"},\"sameAs\":[\"https:\\\/\\\/www.facebook.com\\\/RegASKRegulatoryAffairs\\\/\",\"https:\\\/\\\/x.com\\\/ASKRegASK\",\"https:\\\/\\\/www.linkedin.com\\\/company\\\/RegASK\\\/\",\"https:\\\/\\\/www.youtube.com\\\/@RegASK\"]},{\"@type\":\"Person\",\"@id\":\"https:\\\/\\\/regask.com\\\/#\\\/schema\\\/person\\\/b0e1938ef6f244f9f052a21f21cba1b6\",\"name\":\"Shaffa Renaningtyas\"}]}<\/script>\n<!-- \/ Yoast SEO Premium plugin. -->","yoast_head_json":{"title":"Le Conseil de l&#039;UE approuve le report de la r\u00e9glementation sur les emballages chimiques","description":"Le Conseil de l&#039;UE approuve le report \u00e0 2028 des \u00e9ch\u00e9ances relatives \u00e0 l&#039;emballage et \u00e0 l&#039;\u00e9tiquetage des produits chimiques, ce qui all\u00e8ge la mise en conformit\u00e9 pour les entreprises.","robots":{"index":"index","follow":"follow","max-snippet":"max-snippet:-1","max-image-preview":"max-image-preview:large","max-video-preview":"max-video-preview:-1"},"canonical":"https:\/\/regask.com\/fr\/le-conseil-de-lue-approuve-le-report-a-2028-des-echeances-relatives-a-lemballage-et-a-letiquetage-des-produits-chimiques\/","og_locale":"fr_FR","og_type":"article","og_title":"EU Council Approves Postponement of Chemical Packaging and Labelling Deadlines to 2028","og_description":"EU Council approves the postponement of chemical packaging and labelling deadlines to 2028, easing compliance for businesses.","og_url":"https:\/\/regask.com\/fr\/le-conseil-de-lue-approuve-le-report-a-2028-des-echeances-relatives-a-lemballage-et-a-letiquetage-des-produits-chimiques\/","og_site_name":"RegASK","article_publisher":"https:\/\/www.facebook.com\/RegASKRegulatoryAffairs\/","article_published_time":"2025-12-02T07:36:03+00:00","article_modified_time":"2025-12-08T08:30:36+00:00","og_image":[{"width":800,"height":600,"url":"https:\/\/regask.com\/wp-content\/uploads\/2025\/12\/eu-council-approves-postponement-chemical-packaging-labelling-deadlines-2028.png","type":"image\/png"}],"author":"Shaffa Renaningtyas","twitter_card":"summary_large_image","twitter_creator":"@ASKRegASK","twitter_site":"@ASKRegASK","twitter_misc":{"Written by":"Shaffa Renaningtyas","Est. reading time":"4 minutes"},"schema":{"@context":"https:\/\/schema.org","@graph":[{"@type":"Article","@id":"https:\/\/regask.com\/eu-council-approves-postponement-of-chemical-packaging-and-labelling-deadlines-to-2028\/#article","isPartOf":{"@id":"https:\/\/regask.com\/eu-council-approves-postponement-of-chemical-packaging-and-labelling-deadlines-to-2028\/"},"author":{"name":"Shaffa Renaningtyas","@id":"https:\/\/regask.com\/#\/schema\/person\/b0e1938ef6f244f9f052a21f21cba1b6"},"headline":"EU Council Approves Postponement of Chemical Packaging &hellip;","datePublished":"2025-12-02T07:36:03+00:00","dateModified":"2025-12-08T08:30:36+00:00","mainEntityOfPage":{"@id":"https:\/\/regask.com\/eu-council-approves-postponement-of-chemical-packaging-and-labelling-deadlines-to-2028\/"},"wordCount":728,"publisher":{"@id":"https:\/\/regask.com\/#organization"},"image":{"@id":"https:\/\/regask.com\/eu-council-approves-postponement-of-chemical-packaging-and-labelling-deadlines-to-2028\/#primaryimage"},"thumbnailUrl":"https:\/\/regask.com\/wp-content\/uploads\/2025\/12\/eu-council-approves-postponement-chemical-packaging-labelling-deadlines-2028.png","articleSection":["Regulatory News","Food and Nutrition","Pharma and Biotech"],"inLanguage":"fr-FR"},{"@type":"WebPage","@id":"https:\/\/regask.com\/eu-council-approves-postponement-of-chemical-packaging-and-labelling-deadlines-to-2028\/","url":"https:\/\/regask.com\/eu-council-approves-postponement-of-chemical-packaging-and-labelling-deadlines-to-2028\/","name":"Le Conseil de l&#039;UE approuve le report de la r\u00e9glementation sur les emballages chimiques","isPartOf":{"@id":"https:\/\/regask.com\/#website"},"primaryImageOfPage":{"@id":"https:\/\/regask.com\/eu-council-approves-postponement-of-chemical-packaging-and-labelling-deadlines-to-2028\/#primaryimage"},"image":{"@id":"https:\/\/regask.com\/eu-council-approves-postponement-of-chemical-packaging-and-labelling-deadlines-to-2028\/#primaryimage"},"thumbnailUrl":"https:\/\/regask.com\/wp-content\/uploads\/2025\/12\/eu-council-approves-postponement-chemical-packaging-labelling-deadlines-2028.png","datePublished":"2025-12-02T07:36:03+00:00","dateModified":"2025-12-08T08:30:36+00:00","description":"Le Conseil de l&#039;UE approuve le report \u00e0 2028 des \u00e9ch\u00e9ances relatives \u00e0 l&#039;emballage et \u00e0 l&#039;\u00e9tiquetage des produits chimiques, ce qui all\u00e8ge la mise en conformit\u00e9 pour les entreprises.","inLanguage":"fr-FR","potentialAction":[{"@type":"ReadAction","target":["https:\/\/regask.com\/eu-council-approves-postponement-of-chemical-packaging-and-labelling-deadlines-to-2028\/"]}]},{"@type":"ImageObject","inLanguage":"fr-FR","@id":"https:\/\/regask.com\/eu-council-approves-postponement-of-chemical-packaging-and-labelling-deadlines-to-2028\/#primaryimage","url":"https:\/\/regask.com\/wp-content\/uploads\/2025\/12\/eu-council-approves-postponement-chemical-packaging-labelling-deadlines-2028.png","contentUrl":"https:\/\/regask.com\/wp-content\/uploads\/2025\/12\/eu-council-approves-postponement-chemical-packaging-labelling-deadlines-2028.png","width":800,"height":600,"caption":"Eu Council Approves Postponement Chemical Packaging Labelling Deadlines 2028"},{"@type":"WebSite","@id":"https:\/\/regask.com\/#website","url":"https:\/\/regask.com\/","name":"RegASK","description":"Favoriser des d\u00e9cisions r\u00e9glementaires plus intelligentes","publisher":{"@id":"https:\/\/regask.com\/#organization"},"potentialAction":[{"@type":"SearchAction","target":{"@type":"EntryPoint","urlTemplate":"https:\/\/regask.com\/?s={search_term_string}"},"query-input":{"@type":"PropertyValueSpecification","valueRequired":true,"valueName":"search_term_string"}}],"inLanguage":"fr-FR"},{"@type":"Organization","@id":"https:\/\/regask.com\/#organization","name":"RegASK","url":"https:\/\/regask.com\/","logo":{"@type":"ImageObject","inLanguage":"fr-FR","@id":"https:\/\/regask.com\/#\/schema\/logo\/image\/","url":"https:\/\/regask.com\/wp-content\/uploads\/2024\/10\/RegASK-Logo-Dark-Round.png","contentUrl":"https:\/\/regask.com\/wp-content\/uploads\/2024\/10\/RegASK-Logo-Dark-Round.png","width":401,"height":401,"caption":"RegASK"},"image":{"@id":"https:\/\/regask.com\/#\/schema\/logo\/image\/"},"sameAs":["https:\/\/www.facebook.com\/RegASKRegulatoryAffairs\/","https:\/\/x.com\/ASKRegASK","https:\/\/www.linkedin.com\/company\/RegASK\/","https:\/\/www.youtube.com\/@RegASK"]},{"@type":"Person","@id":"https:\/\/regask.com\/#\/schema\/person\/b0e1938ef6f244f9f052a21f21cba1b6","name":"Shaffa Renaningtyas"}]}},"_links":{"self":[{"href":"https:\/\/regask.com\/fr\/wp-json\/wp\/v2\/posts\/9297","targetHints":{"allow":["GET"]}}],"collection":[{"href":"https:\/\/regask.com\/fr\/wp-json\/wp\/v2\/posts"}],"about":[{"href":"https:\/\/regask.com\/fr\/wp-json\/wp\/v2\/types\/post"}],"author":[{"embeddable":true,"href":"https:\/\/regask.com\/fr\/wp-json\/wp\/v2\/users\/41"}],"replies":[{"embeddable":true,"href":"https:\/\/regask.com\/fr\/wp-json\/wp\/v2\/comments?post=9297"}],"version-history":[{"count":0,"href":"https:\/\/regask.com\/fr\/wp-json\/wp\/v2\/posts\/9297\/revisions"}],"wp:featuredmedia":[{"embeddable":true,"href":"https:\/\/regask.com\/fr\/wp-json\/wp\/v2\/media\/9300"}],"wp:attachment":[{"href":"https:\/\/regask.com\/fr\/wp-json\/wp\/v2\/media?parent=9297"}],"wp:term":[{"taxonomy":"category","embeddable":true,"href":"https:\/\/regask.com\/fr\/wp-json\/wp\/v2\/categories?post=9297"},{"taxonomy":"post_tag","embeddable":true,"href":"https:\/\/regask.com\/fr\/wp-json\/wp\/v2\/tags?post=9297"}],"curies":[{"name":"wp","href":"https:\/\/api.w.org\/{rel}","templated":true}]}}