{"id":9710,"date":"2026-03-25T16:05:14","date_gmt":"2026-03-25T08:05:14","guid":{"rendered":"https:\/\/regask.com\/?p=9710"},"modified":"2026-03-25T16:05:14","modified_gmt":"2026-03-25T08:05:14","slug":"lecha-fait-progresser-le-projet-davis-du-seac-sur-la-restriction-des-pfas-a-lechelle-de-lue-dans-le-cadre-de-son-objectif","status":"publish","type":"post","link":"https:\/\/regask.com\/fr\/echa-advances-draft-seac-opinion-on-eu-wide-pfas-restriction-under-reach\/","title":{"rendered":"L\u2019ECHA fait progresser le projet d\u2019avis du SEAC sur la restriction des PFAS \u00e0 l\u2019\u00e9chelle de l\u2019UE\u2026"},"content":{"rendered":"<p>Sur <strong>11 mars 2026<\/strong>, le <strong>Agence europ\u00e9enne des produits chimiques (ECHA)<\/strong> a annonc\u00e9 un <strong>projet d&#039;avis<\/strong> de son <strong>Comit\u00e9 d&#039;analyse socio-\u00e9conomique (SEAC)<\/strong> concernant une proposition <strong>restriction sur toutes les substances per- et polyfluoroalkyl\u00e9es (PFAS)<\/strong> sous l&#039;UE <strong>R\u00e8glement REACH<\/strong>. Le projet \u00e9value <strong>impacts socio-\u00e9conomiques<\/strong> de limiter la fabrication, la mise sur le march\u00e9 et l&#039;utilisation des PFAS dans l&#039;UE\/EEE, avec un <strong>p\u00e9riode de consultation de 60 jours<\/strong> \u00e0 suivre apr\u00e8s la publication.<\/p>\n<div class=\"row\"  id=\"row-1283460936\">\n\n\t<div id=\"col-1907609003\" class=\"col small-12 large-12\"  >\n\t\t\t\t<div class=\"col-inner\"  >\n\t\t\t\n\t\t\t\n\t<div id=\"gap-1180463113\" class=\"gap-element clearfix\" style=\"display:block; height:auto;\">\n\t\t\n<style>\n#gap-1180463113 {\n  padding-top: 20px;\n}\n<\/style>\n\t<\/div>\n\t\n<h2>D\u00e9tails de la mise \u00e0 jour<\/h2>\n\t<div id=\"gap-2137291138\" class=\"gap-element clearfix\" style=\"display:block; height:auto;\">\n\t\t\n<style>\n#gap-2137291138 {\n  padding-top: 15px;\n}\n<\/style>\n\t<\/div>\n\t\n<p>La restriction propos\u00e9e couvre <strong>toutes les utilisations et cat\u00e9gories de produits contenant des PFAS<\/strong>, refl\u00e9tant une approche r\u00e9glementaire globale pour aborder <strong>substances chimiques persistantes<\/strong> tant au niveau des produits que des proc\u00e9d\u00e9s industriels. Le projet d&#039;avis s&#039;appuie sur une proposition soumise par les autorit\u00e9s de <strong>cinq pays de l&#039;UE\/EEE<\/strong>, dans le but de r\u00e9duire <strong>\u00e9missions environnementales<\/strong> et <strong>risques pour la sant\u00e9<\/strong> associ\u00e9 \u00e0 l&#039;exposition aux PFAS.<\/p>\n<p>Le projet de document du SEAC vise \u00e0 \u00e9valuer <strong>implications \u00e9conomiques et soci\u00e9tales<\/strong> de restreindre l&#039;utilisation des PFAS, notamment en ce qui concerne leurs impacts sur l&#039;industrie, les cha\u00eenes d&#039;approvisionnement et les solutions de rechange potentielles. Apr\u00e8s publication, les parties prenantes auront <strong>Vous disposez de 60 jours pour soumettre vos commentaires.<\/strong>, contribuant aux donn\u00e9es sur <strong>usages, alternatives et consid\u00e9rations socio-\u00e9conomiques<\/strong>.<\/p>\n<p>Le <strong>L&#039;avis final du SEAC est attendu d&#039;ici la fin de 2026.<\/strong>, apr\u00e8s quoi le <strong>Commission europ\u00e9enne et \u00c9tats membres de l&#039;UE<\/strong> d\u00e9terminera les prochaines \u00e9tapes du processus d\u00e9cisionnel r\u00e9glementaire.<\/p>\n\t\t<\/div>\n\t\t\t\t\n<style>\n#col-1907609003 > .col-inner {\n  margin: 0px 0px -20px 0px;\n}\n<\/style>\n\t<\/div>\n\n\t\n\n\t<div id=\"col-277499370\" class=\"col small-12 large-12\"  >\n\t\t\t\t<div class=\"col-inner\"  >\n\t\t\t\n\t\t\t\n<h2>Date limite de retour d&#039;information<\/h2>\n\t<div id=\"gap-1044380373\" class=\"gap-element clearfix\" style=\"display:block; height:auto;\">\n\t\t\n<style>\n#gap-1044380373 {\n  padding-top: 15px;\n}\n<\/style>\n\t<\/div>\n\t\n<p>Les parties prenantes auront <strong>p\u00e9riode de consultation de 60 jours<\/strong> soumettre des commentaires une fois que le projet d&#039;avis sera officiellement publi\u00e9.<\/p>\n\t\t<\/div>\n\t\t\t\t\n<style>\n#col-277499370 > .col-inner {\n  margin: 0px 0px -20px 0px;\n}\n<\/style>\n\t<\/div>\n\n\t\n\n\t<div id=\"col-1806015680\" class=\"col small-12 large-12\"  >\n\t\t\t\t<div class=\"col-inner\"  >\n\t\t\t\n\t\t\t\n<h2>Pourquoi c&#039;est important<\/h2>\n\t<div id=\"gap-1722953504\" class=\"gap-element clearfix\" style=\"display:block; height:auto;\">\n\t\t\n<style>\n#gap-1722953504 {\n  padding-top: 15px;\n}\n<\/style>\n\t<\/div>\n\t\n<p>Cette \u00e9volution introduit des changements significatifs <strong>examen r\u00e9glementaire<\/strong> sur les PFAS dans tous les secteurs, renfor\u00e7ant l&#039;attention port\u00e9e par l&#039;UE \u00e0 <strong>s\u00e9curit\u00e9 chimique et protection de l&#039;environnement<\/strong>. La restriction potentielle pourrait entra\u00eener <strong>transformation de la cha\u00eene d&#039;approvisionnement<\/strong>, exiger <strong>reformulation du produit<\/strong>, et accro\u00eetre le besoin de <strong>\u00e9valuation des substances alternatives<\/strong>, tout en soutenant le long terme <strong>harmonisation r\u00e9glementaire et r\u00e9duction des risques<\/strong>.<\/p>\n\t\t<\/div>\n\t\t\t\t\n<style>\n#col-1806015680 > .col-inner {\n  margin: 0px 0px -20px 0px;\n}\n<\/style>\n\t<\/div>\n\n\t\n\n\t<div id=\"col-749350544\" class=\"col small-12 large-12\"  >\n\t\t\t\t<div class=\"col-inner\"  >\n\t\t\t\n\t\t\t\n<h2>Qui est concern\u00e9 ?<\/h2>\n\t<div id=\"gap-2004908040\" class=\"gap-element clearfix\" style=\"display:block; height:auto;\">\n\t\t\n<style>\n#gap-2004908040 {\n  padding-top: 15px;\n}\n<\/style>\n\t<\/div>\n\t\n<p>Cette mise \u00e0 jour est pertinente pour <strong>Affaires r\u00e9glementaires<\/strong>, <strong>Responsabilit\u00e9 des produits<\/strong>, <strong>Assurance qualit\u00e9<\/strong>, <strong>R&amp;D<\/strong>, et <strong>\u00c9quipes de la cha\u00eene d&#039;approvisionnement<\/strong> au sein des organisations qui <strong>fabriquer, importer ou utiliser des produits contenant des PFAS<\/strong> dans tous les secteurs d&#039;activit\u00e9 op\u00e9rant dans l&#039;UE\/EEE.<\/p>\n\t\t<\/div>\n\t\t\t\t\n<style>\n#col-749350544 > .col-inner {\n  margin: 0px 0px -20px 0px;\n}\n<\/style>\n\t<\/div>\n\n\t\n\n\t<div id=\"col-1159371611\" class=\"col small-12 large-12\"  >\n\t\t\t\t<div class=\"col-inner\"  >\n\t\t\t\n\t\t\t\n<h2>Prochaines \u00e9tapes<\/h2>\n\t<div id=\"gap-796326622\" class=\"gap-element clearfix\" style=\"display:block; height:auto;\">\n\t\t\n<style>\n#gap-796326622 {\n  padding-top: 15px;\n}\n<\/style>\n\t<\/div>\n\t\n<p>Les organisations devraient <strong>\u00e9valuer les portefeuilles de produits et les cha\u00eenes d&#039;approvisionnement<\/strong> afin d\u2019identifier l\u2019exposition aux PFAS et d\u2019\u00e9valuer les impacts potentiels. Les parties prenantes sont encourag\u00e9es \u00e0 <strong>se pr\u00e9parer \u00e0 participer au processus de consultation<\/strong> en collectant des donn\u00e9es pertinentes sur <strong>utilisations actuelles, alternatives disponibles et implications socio-\u00e9conomiques<\/strong> pour appuyer les soumissions \u00e9clair\u00e9es.<\/p>\n<p>Face \u00e0 la pression r\u00e9glementaire croissante exerc\u00e9e \u00e0 l&#039;\u00e9chelle mondiale sur les substances chimiques persistantes, l&#039;\u00e9valuation proactive et la planification strat\u00e9gique sont essentielles pour garantir la conformit\u00e9 et la continuit\u00e9 du march\u00e9.<\/p>\n<p><a href=\"https:\/\/regask.com\/fr\/\">RegASK<\/a> est une plateforme de pointe d&#039;intelligence r\u00e9glementaire et d&#039;orchestration des flux de travail bas\u00e9e sur l&#039;IA agentique, qui permet aux organisations internationales des secteurs fortement r\u00e9glement\u00e9s, tels que les produits de consommation et les sciences de la vie, d&#039;anticiper les complexit\u00e9s r\u00e9glementaires. En combinant une IA agentique avanc\u00e9e et l&#039;expertise de sp\u00e9cialistes, <a href=\"https:\/\/regask.com\/fr\/\">RegASK<\/a> Elle fournit en temps opportun des informations pr\u00e9dictives exploitables et une automatisation de bout en bout, rationalisant les processus de conformit\u00e9, att\u00e9nuant les risques et acc\u00e9l\u00e9rant l&#039;acc\u00e8s au march\u00e9 dans plus de 160 pays. <a href=\"https:\/\/regask.com\/fr\/produit\/\">En savoir plus<\/a> ou <a href=\"https:\/\/regask.com\/fr\/reserver-une-demo\/\">r\u00e9server une d\u00e9mo<\/a> maintenant.<\/p>\n\t\t<\/div>\n\t\t\t\t\n<style>\n#col-1159371611 > .col-inner {\n  margin: 0px 0px -20px 0px;\n}\n<\/style>\n\t<\/div>\n\n\t\n<\/div>\n<div class=\"row\"  id=\"row-1185445872\">\n\n\t<div id=\"col-534494231\" class=\"col small-12 large-12\"  >\n\t\t\t\t<div class=\"col-inner\"  >\n\t\t\t\n\t\t\t\n<div class=\"is-divider divider clearfix\" style=\"margin-top:2em;margin-bottom:2em;max-width:20%;height:1px;background-color:#a5acd9;\"><\/div>\n<h3>FAQ<\/h3>\n\t<div id=\"gap-1094574533\" class=\"gap-element clearfix\" style=\"display:block; height:auto;\">\n\t\t\n<style>\n#gap-1094574533 {\n  padding-top: 10px;\n}\n<\/style>\n\t<\/div>\n\t\n<h4>Quel est le champ d&#039;application de la restriction propos\u00e9e concernant les PFAS dans le cadre du r\u00e8glement REACH\u00a0?<\/h4>\n\t<div id=\"gap-1730636250\" class=\"gap-element clearfix\" style=\"display:block; height:auto;\">\n\t\t\n<style>\n#gap-1730636250 {\n  padding-top: 10px;\n}\n<\/style>\n\t<\/div>\n\t\n<p>Le projet de restriction couvre <strong>toutes les utilisations et cat\u00e9gories de produits contenant des PFAS<\/strong> dans l&#039;ensemble de l&#039;UE\/EEE.<\/p>\n\t\t<\/div>\n\t\t\t\t\n<style>\n#col-534494231 > .col-inner {\n  margin: 0px 0px -20px 0px;\n}\n<\/style>\n\t<\/div>\n\n\t\n\n\t<div id=\"col-1085000096\" class=\"col small-12 large-12\"  >\n\t\t\t\t<div class=\"col-inner\"  >\n\t\t\t\n\t\t\t\n<h4>Quel est le r\u00f4le du SEAC dans ce processus ?<\/h4>\n\t<div id=\"gap-1766097279\" class=\"gap-element clearfix\" style=\"display:block; height:auto;\">\n\t\t\n<style>\n#gap-1766097279 {\n  padding-top: 10px;\n}\n<\/style>\n\t<\/div>\n\t\n<p>SEAC \u00e9value le <strong>impacts socio-\u00e9conomiques<\/strong> de la restriction propos\u00e9e afin d&#039;\u00e9clairer la prise de d\u00e9cision r\u00e9glementaire.<\/p>\n\t\t<\/div>\n\t\t\t\t\n<style>\n#col-1085000096 > .col-inner {\n  margin: 0px 0px -20px 0px;\n}\n<\/style>\n\t<\/div>\n\n\t\n\n\t<div id=\"col-1244146159\" class=\"col small-12 large-12\"  >\n\t\t\t\t<div class=\"col-inner\"  >\n\t\t\t\n\t\t\t\n<h4>Quand l&#039;avis final sera-t-il rendu ?<\/h4>\n\t<div id=\"gap-969108545\" class=\"gap-element clearfix\" style=\"display:block; height:auto;\">\n\t\t\n<style>\n#gap-969108545 {\n  padding-top: 10px;\n}\n<\/style>\n\t<\/div>\n\t\n<p>Le <strong>L&#039;avis final du SEAC est attendu d&#039;ici la fin de 2026.<\/strong>, suivies des d\u00e9cisions de la Commission europ\u00e9enne et des \u00c9tats membres.<\/p>\n\t\t<\/div>\n\t\t\t\t\n<style>\n#col-1244146159 > .col-inner {\n  margin: 0px 0px -20px 0px;\n}\n<\/style>\n\t<\/div>\n\n\t\n\n\t<div id=\"col-901608898\" class=\"col small-12 large-12\"  >\n\t\t\t\t<div class=\"col-inner\"  >\n\t\t\t\n\t\t\t\n<h4>Comment le programme RegASK peut-il aider les entreprises \u00e0 g\u00e9rer les risques r\u00e9glementaires li\u00e9s aux PFAS\u00a0?<\/h4>\n\t<div id=\"gap-1000398516\" class=\"gap-element clearfix\" style=\"display:block; height:auto;\">\n\t\t\n<style>\n#gap-1000398516 {\n  padding-top: 10px;\n}\n<\/style>\n\t<\/div>\n\t\n<p><a href=\"http:\/\/regask.com\/fr\/\">RegASK<\/a> aide les organisations \u00e0 suivre l&#039;\u00e9volution de la r\u00e9glementation, \u00e0 \u00e9valuer l&#039;exposition de leur cha\u00eene d&#039;approvisionnement et \u00e0 harmoniser leurs strat\u00e9gies de conformit\u00e9, permettant ainsi une gestion proactive des restrictions chimiques en constante \u00e9volution.<\/p>\n\t\t<\/div>\n\t\t\t\t\n<style>\n#col-901608898 > .col-inner {\n  margin: 0px 0px -20px 0px;\n}\n<\/style>\n\t<\/div>\n\n\t\n<\/div>","protected":false},"excerpt":{"rendered":"<p>On March 11, 2026, the European Chemicals Agency (ECHA) announced a draft opinion from its Committee for Socio-Economic Analysis (SEAC) regarding a proposed restriction on all per- and polyfluoroalkyl substances (PFAS) under the EU\u2019s REACH regulation. The draft evaluates the socio-economic impacts of limiting PFAS manufacture, market placement, and use across the EU\/EEA, with a&#8230;<\/p>","protected":false},"author":32,"featured_media":9711,"comment_status":"closed","ping_status":"closed","sticky":false,"template":"","format":"standard","meta":{"_acf_changed":false,"footnotes":""},"categories":[33,538],"tags":[],"class_list":["post-9710","post","type-post","status-publish","format-standard","has-post-thumbnail","hentry","category-news","category-european-union"],"acf":[],"yoast_head":"<!-- This site is optimized with the Yoast SEO Premium plugin v27.3 (Yoast SEO v27.4) - https:\/\/yoast.com\/product\/yoast-seo-premium-wordpress\/ -->\n<title>ECHA Advances Draft SEAC Opinion on EU-Wide PFAS Regulation<\/title>\n<meta name=\"description\" content=\"Discover the ECHA draft SEAC opinion on the proposed EU-wide PFAS restriction under REACH and its socio-economic impacts.\" \/>\n<meta name=\"robots\" content=\"index, follow, max-snippet:-1, max-image-preview:large, max-video-preview:-1\" \/>\n<link rel=\"canonical\" href=\"https:\/\/regask.com\/fr\/lecha-fait-progresser-le-projet-davis-du-seac-sur-la-restriction-des-pfas-a-lechelle-de-lue-dans-le-cadre-de-son-objectif\/\" \/>\n<meta property=\"og:locale\" content=\"fr_FR\" \/>\n<meta property=\"og:type\" content=\"article\" \/>\n<meta property=\"og:title\" content=\"ECHA Advances Draft SEAC Opinion on EU-Wide PFAS Restriction Under REACH\" \/>\n<meta property=\"og:description\" content=\"Discover the ECHA draft SEAC opinion on the proposed EU-wide PFAS restriction under REACH and its socio-economic impacts.\" \/>\n<meta property=\"og:url\" content=\"https:\/\/regask.com\/fr\/lecha-fait-progresser-le-projet-davis-du-seac-sur-la-restriction-des-pfas-a-lechelle-de-lue-dans-le-cadre-de-son-objectif\/\" \/>\n<meta property=\"og:site_name\" content=\"RegASK\" \/>\n<meta property=\"article:publisher\" content=\"https:\/\/www.facebook.com\/RegASKRegulatoryAffairs\/\" \/>\n<meta property=\"article:published_time\" content=\"2026-03-25T08:05:14+00:00\" \/>\n<meta property=\"og:image\" content=\"https:\/\/regask.com\/wp-content\/uploads\/2026\/03\/echa-advances-draft-seac-opinion-eu-wide-pfas-restriction-reach.png\" \/>\n\t<meta property=\"og:image:width\" content=\"800\" \/>\n\t<meta property=\"og:image:height\" content=\"600\" \/>\n\t<meta property=\"og:image:type\" content=\"image\/png\" \/>\n<meta name=\"author\" content=\"Hannah Nordin\" \/>\n<meta name=\"twitter:card\" content=\"summary_large_image\" \/>\n<meta name=\"twitter:creator\" content=\"@ASKRegASK\" \/>\n<meta name=\"twitter:site\" content=\"@ASKRegASK\" \/>\n<meta name=\"twitter:label1\" content=\"Written by\" \/>\n\t<meta name=\"twitter:data1\" content=\"Hannah Nordin\" \/>\n\t<meta name=\"twitter:label2\" content=\"Est. reading time\" \/>\n\t<meta name=\"twitter:data2\" content=\"4 minutes\" \/>\n<script type=\"application\/ld+json\" class=\"yoast-schema-graph\">{\"@context\":\"https:\\\/\\\/schema.org\",\"@graph\":[{\"@type\":\"Article\",\"@id\":\"https:\\\/\\\/regask.com\\\/echa-advances-draft-seac-opinion-on-eu-wide-pfas-restriction-under-reach\\\/#article\",\"isPartOf\":{\"@id\":\"https:\\\/\\\/regask.com\\\/echa-advances-draft-seac-opinion-on-eu-wide-pfas-restriction-under-reach\\\/\"},\"author\":{\"name\":\"Hannah Nordin\",\"@id\":\"https:\\\/\\\/regask.com\\\/#\\\/schema\\\/person\\\/3a8aaee2c7585284f97ec9e038e36b65\"},\"headline\":\"ECHA Advances Draft SEAC Opinion on EU-Wide PFAS Restri&hellip;\",\"datePublished\":\"2026-03-25T08:05:14+00:00\",\"mainEntityOfPage\":{\"@id\":\"https:\\\/\\\/regask.com\\\/echa-advances-draft-seac-opinion-on-eu-wide-pfas-restriction-under-reach\\\/\"},\"wordCount\":715,\"publisher\":{\"@id\":\"https:\\\/\\\/regask.com\\\/#organization\"},\"image\":{\"@id\":\"https:\\\/\\\/regask.com\\\/echa-advances-draft-seac-opinion-on-eu-wide-pfas-restriction-under-reach\\\/#primaryimage\"},\"thumbnailUrl\":\"https:\\\/\\\/regask.com\\\/wp-content\\\/uploads\\\/2026\\\/03\\\/echa-advances-draft-seac-opinion-eu-wide-pfas-restriction-reach.png\",\"articleSection\":[\"Regulatory News\",\"European Union\"],\"inLanguage\":\"fr-FR\"},{\"@type\":\"WebPage\",\"@id\":\"https:\\\/\\\/regask.com\\\/echa-advances-draft-seac-opinion-on-eu-wide-pfas-restriction-under-reach\\\/\",\"url\":\"https:\\\/\\\/regask.com\\\/echa-advances-draft-seac-opinion-on-eu-wide-pfas-restriction-under-reach\\\/\",\"name\":\"ECHA Advances Draft SEAC Opinion on EU-Wide PFAS Regulation\",\"isPartOf\":{\"@id\":\"https:\\\/\\\/regask.com\\\/#website\"},\"primaryImageOfPage\":{\"@id\":\"https:\\\/\\\/regask.com\\\/echa-advances-draft-seac-opinion-on-eu-wide-pfas-restriction-under-reach\\\/#primaryimage\"},\"image\":{\"@id\":\"https:\\\/\\\/regask.com\\\/echa-advances-draft-seac-opinion-on-eu-wide-pfas-restriction-under-reach\\\/#primaryimage\"},\"thumbnailUrl\":\"https:\\\/\\\/regask.com\\\/wp-content\\\/uploads\\\/2026\\\/03\\\/echa-advances-draft-seac-opinion-eu-wide-pfas-restriction-reach.png\",\"datePublished\":\"2026-03-25T08:05:14+00:00\",\"description\":\"Discover the ECHA draft SEAC opinion on the proposed EU-wide PFAS restriction under REACH and its socio-economic impacts.\",\"inLanguage\":\"fr-FR\",\"potentialAction\":[{\"@type\":\"ReadAction\",\"target\":[\"https:\\\/\\\/regask.com\\\/echa-advances-draft-seac-opinion-on-eu-wide-pfas-restriction-under-reach\\\/\"]}]},{\"@type\":\"ImageObject\",\"inLanguage\":\"fr-FR\",\"@id\":\"https:\\\/\\\/regask.com\\\/echa-advances-draft-seac-opinion-on-eu-wide-pfas-restriction-under-reach\\\/#primaryimage\",\"url\":\"https:\\\/\\\/regask.com\\\/wp-content\\\/uploads\\\/2026\\\/03\\\/echa-advances-draft-seac-opinion-eu-wide-pfas-restriction-reach.png\",\"contentUrl\":\"https:\\\/\\\/regask.com\\\/wp-content\\\/uploads\\\/2026\\\/03\\\/echa-advances-draft-seac-opinion-eu-wide-pfas-restriction-reach.png\",\"width\":800,\"height\":600,\"caption\":\"Echa Advances Draft Seac Opinion Eu Wide Pfas Restriction Reach\"},{\"@type\":\"WebSite\",\"@id\":\"https:\\\/\\\/regask.com\\\/#website\",\"url\":\"https:\\\/\\\/regask.com\\\/\",\"name\":\"RegASK\",\"description\":\"Empowering Smarter Regulatory Decisions\",\"publisher\":{\"@id\":\"https:\\\/\\\/regask.com\\\/#organization\"},\"potentialAction\":[{\"@type\":\"SearchAction\",\"target\":{\"@type\":\"EntryPoint\",\"urlTemplate\":\"https:\\\/\\\/regask.com\\\/?s={search_term_string}\"},\"query-input\":{\"@type\":\"PropertyValueSpecification\",\"valueRequired\":true,\"valueName\":\"search_term_string\"}}],\"inLanguage\":\"fr-FR\"},{\"@type\":\"Organization\",\"@id\":\"https:\\\/\\\/regask.com\\\/#organization\",\"name\":\"RegASK\",\"url\":\"https:\\\/\\\/regask.com\\\/\",\"logo\":{\"@type\":\"ImageObject\",\"inLanguage\":\"fr-FR\",\"@id\":\"https:\\\/\\\/regask.com\\\/#\\\/schema\\\/logo\\\/image\\\/\",\"url\":\"https:\\\/\\\/regask.com\\\/wp-content\\\/uploads\\\/2024\\\/10\\\/RegASK-Logo-Dark-Round.png\",\"contentUrl\":\"https:\\\/\\\/regask.com\\\/wp-content\\\/uploads\\\/2024\\\/10\\\/RegASK-Logo-Dark-Round.png\",\"width\":401,\"height\":401,\"caption\":\"RegASK\"},\"image\":{\"@id\":\"https:\\\/\\\/regask.com\\\/#\\\/schema\\\/logo\\\/image\\\/\"},\"sameAs\":[\"https:\\\/\\\/www.facebook.com\\\/RegASKRegulatoryAffairs\\\/\",\"https:\\\/\\\/x.com\\\/ASKRegASK\",\"https:\\\/\\\/www.linkedin.com\\\/company\\\/RegASK\\\/\",\"https:\\\/\\\/www.youtube.com\\\/playlist?list=PL6yPC6gFqelkHbOeyUVKjtHOZXZ2LQbJd\"]},{\"@type\":\"Person\",\"@id\":\"https:\\\/\\\/regask.com\\\/#\\\/schema\\\/person\\\/3a8aaee2c7585284f97ec9e038e36b65\",\"name\":\"Hannah Nordin\",\"sameAs\":[\"https:\\\/\\\/regask.com\"]}]}<\/script>\n<!-- \/ Yoast SEO Premium plugin. -->","yoast_head_json":{"title":"L\u2019ECHA fait progresser le projet d\u2019avis du SEAC sur la r\u00e9glementation europ\u00e9enne relative aux PFAS","description":"D\u00e9couvrez le projet d&#039;avis du SEAC de l&#039;ECHA sur la restriction propos\u00e9e des PFAS \u00e0 l&#039;\u00e9chelle de l&#039;UE dans le cadre du r\u00e8glement REACH et ses impacts socio-\u00e9conomiques.","robots":{"index":"index","follow":"follow","max-snippet":"max-snippet:-1","max-image-preview":"max-image-preview:large","max-video-preview":"max-video-preview:-1"},"canonical":"https:\/\/regask.com\/fr\/lecha-fait-progresser-le-projet-davis-du-seac-sur-la-restriction-des-pfas-a-lechelle-de-lue-dans-le-cadre-de-son-objectif\/","og_locale":"fr_FR","og_type":"article","og_title":"ECHA Advances Draft SEAC Opinion on EU-Wide PFAS Restriction Under REACH","og_description":"Discover the ECHA draft SEAC opinion on the proposed EU-wide PFAS restriction under REACH and its socio-economic impacts.","og_url":"https:\/\/regask.com\/fr\/lecha-fait-progresser-le-projet-davis-du-seac-sur-la-restriction-des-pfas-a-lechelle-de-lue-dans-le-cadre-de-son-objectif\/","og_site_name":"RegASK","article_publisher":"https:\/\/www.facebook.com\/RegASKRegulatoryAffairs\/","article_published_time":"2026-03-25T08:05:14+00:00","og_image":[{"width":800,"height":600,"url":"https:\/\/regask.com\/wp-content\/uploads\/2026\/03\/echa-advances-draft-seac-opinion-eu-wide-pfas-restriction-reach.png","type":"image\/png"}],"author":"Hannah Nordin","twitter_card":"summary_large_image","twitter_creator":"@ASKRegASK","twitter_site":"@ASKRegASK","twitter_misc":{"Written by":"Hannah Nordin","Est. reading time":"4 minutes"},"schema":{"@context":"https:\/\/schema.org","@graph":[{"@type":"Article","@id":"https:\/\/regask.com\/echa-advances-draft-seac-opinion-on-eu-wide-pfas-restriction-under-reach\/#article","isPartOf":{"@id":"https:\/\/regask.com\/echa-advances-draft-seac-opinion-on-eu-wide-pfas-restriction-under-reach\/"},"author":{"name":"Hannah Nordin","@id":"https:\/\/regask.com\/#\/schema\/person\/3a8aaee2c7585284f97ec9e038e36b65"},"headline":"ECHA Advances Draft SEAC Opinion on EU-Wide PFAS Restri&hellip;","datePublished":"2026-03-25T08:05:14+00:00","mainEntityOfPage":{"@id":"https:\/\/regask.com\/echa-advances-draft-seac-opinion-on-eu-wide-pfas-restriction-under-reach\/"},"wordCount":715,"publisher":{"@id":"https:\/\/regask.com\/#organization"},"image":{"@id":"https:\/\/regask.com\/echa-advances-draft-seac-opinion-on-eu-wide-pfas-restriction-under-reach\/#primaryimage"},"thumbnailUrl":"https:\/\/regask.com\/wp-content\/uploads\/2026\/03\/echa-advances-draft-seac-opinion-eu-wide-pfas-restriction-reach.png","articleSection":["Regulatory News","European Union"],"inLanguage":"fr-FR"},{"@type":"WebPage","@id":"https:\/\/regask.com\/echa-advances-draft-seac-opinion-on-eu-wide-pfas-restriction-under-reach\/","url":"https:\/\/regask.com\/echa-advances-draft-seac-opinion-on-eu-wide-pfas-restriction-under-reach\/","name":"L\u2019ECHA fait progresser le projet d\u2019avis du SEAC sur la r\u00e9glementation europ\u00e9enne relative aux PFAS","isPartOf":{"@id":"https:\/\/regask.com\/#website"},"primaryImageOfPage":{"@id":"https:\/\/regask.com\/echa-advances-draft-seac-opinion-on-eu-wide-pfas-restriction-under-reach\/#primaryimage"},"image":{"@id":"https:\/\/regask.com\/echa-advances-draft-seac-opinion-on-eu-wide-pfas-restriction-under-reach\/#primaryimage"},"thumbnailUrl":"https:\/\/regask.com\/wp-content\/uploads\/2026\/03\/echa-advances-draft-seac-opinion-eu-wide-pfas-restriction-reach.png","datePublished":"2026-03-25T08:05:14+00:00","description":"D\u00e9couvrez le projet d&#039;avis du SEAC de l&#039;ECHA sur la restriction propos\u00e9e des PFAS \u00e0 l&#039;\u00e9chelle de l&#039;UE dans le cadre du r\u00e8glement REACH et ses impacts socio-\u00e9conomiques.","inLanguage":"fr-FR","potentialAction":[{"@type":"ReadAction","target":["https:\/\/regask.com\/echa-advances-draft-seac-opinion-on-eu-wide-pfas-restriction-under-reach\/"]}]},{"@type":"ImageObject","inLanguage":"fr-FR","@id":"https:\/\/regask.com\/echa-advances-draft-seac-opinion-on-eu-wide-pfas-restriction-under-reach\/#primaryimage","url":"https:\/\/regask.com\/wp-content\/uploads\/2026\/03\/echa-advances-draft-seac-opinion-eu-wide-pfas-restriction-reach.png","contentUrl":"https:\/\/regask.com\/wp-content\/uploads\/2026\/03\/echa-advances-draft-seac-opinion-eu-wide-pfas-restriction-reach.png","width":800,"height":600,"caption":"Echa Advances Draft Seac Opinion Eu Wide Pfas Restriction Reach"},{"@type":"WebSite","@id":"https:\/\/regask.com\/#website","url":"https:\/\/regask.com\/","name":"RegASK","description":"Favoriser des d\u00e9cisions r\u00e9glementaires plus intelligentes","publisher":{"@id":"https:\/\/regask.com\/#organization"},"potentialAction":[{"@type":"SearchAction","target":{"@type":"EntryPoint","urlTemplate":"https:\/\/regask.com\/?s={search_term_string}"},"query-input":{"@type":"PropertyValueSpecification","valueRequired":true,"valueName":"search_term_string"}}],"inLanguage":"fr-FR"},{"@type":"Organization","@id":"https:\/\/regask.com\/#organization","name":"RegASK","url":"https:\/\/regask.com\/","logo":{"@type":"ImageObject","inLanguage":"fr-FR","@id":"https:\/\/regask.com\/#\/schema\/logo\/image\/","url":"https:\/\/regask.com\/wp-content\/uploads\/2024\/10\/RegASK-Logo-Dark-Round.png","contentUrl":"https:\/\/regask.com\/wp-content\/uploads\/2024\/10\/RegASK-Logo-Dark-Round.png","width":401,"height":401,"caption":"RegASK"},"image":{"@id":"https:\/\/regask.com\/#\/schema\/logo\/image\/"},"sameAs":["https:\/\/www.facebook.com\/RegASKRegulatoryAffairs\/","https:\/\/x.com\/ASKRegASK","https:\/\/www.linkedin.com\/company\/RegASK\/","https:\/\/www.youtube.com\/playlist?list=PL6yPC6gFqelkHbOeyUVKjtHOZXZ2LQbJd"]},{"@type":"Person","@id":"https:\/\/regask.com\/#\/schema\/person\/3a8aaee2c7585284f97ec9e038e36b65","name":"Hannah Nordin","sameAs":["https:\/\/regask.com"]}]}},"_links":{"self":[{"href":"https:\/\/regask.com\/fr\/wp-json\/wp\/v2\/posts\/9710","targetHints":{"allow":["GET"]}}],"collection":[{"href":"https:\/\/regask.com\/fr\/wp-json\/wp\/v2\/posts"}],"about":[{"href":"https:\/\/regask.com\/fr\/wp-json\/wp\/v2\/types\/post"}],"author":[{"embeddable":true,"href":"https:\/\/regask.com\/fr\/wp-json\/wp\/v2\/users\/32"}],"replies":[{"embeddable":true,"href":"https:\/\/regask.com\/fr\/wp-json\/wp\/v2\/comments?post=9710"}],"version-history":[{"count":0,"href":"https:\/\/regask.com\/fr\/wp-json\/wp\/v2\/posts\/9710\/revisions"}],"wp:featuredmedia":[{"embeddable":true,"href":"https:\/\/regask.com\/fr\/wp-json\/wp\/v2\/media\/9711"}],"wp:attachment":[{"href":"https:\/\/regask.com\/fr\/wp-json\/wp\/v2\/media?parent=9710"}],"wp:term":[{"taxonomy":"category","embeddable":true,"href":"https:\/\/regask.com\/fr\/wp-json\/wp\/v2\/categories?post=9710"},{"taxonomy":"post_tag","embeddable":true,"href":"https:\/\/regask.com\/fr\/wp-json\/wp\/v2\/tags?post=9710"}],"curies":[{"name":"wp","href":"https:\/\/api.w.org\/{rel}","templated":true}]}}